{"id":1268,"date":"2019-03-20T21:40:19","date_gmt":"2019-03-20T21:40:19","guid":{"rendered":"http:\/\/luzemhisterio.com.br\/blog\/?p=1268"},"modified":"2020-01-24T23:46:19","modified_gmt":"2020-01-24T23:46:19","slug":"meditacoes-para-o-ano-novo-astrologico-em-2019","status":"publish","type":"post","link":"https:\/\/luzemhisterio.com\/blog\/questao-de-ser\/essencial\/meditacoes-para-o-ano-novo-astrologico-em-2019\/","title":{"rendered":"Medita\u00e7\u00f5es do Ano Novo Astrol\u00f3gico 2019"},"content":{"rendered":"\n<div class=\"wp-block-image\"><figure class=\"aligncenter\"><img decoding=\"async\" src=\"http:\/\/luzemhisterio.com.br\/blog\/wp-content\/uploads\/2019\/03\/caoa-medita\u00e7\u00f5es.jpg\" alt=\"\" class=\"wp-image-1267\"\/><figcaption>Encontros com nosso interior<\/figcaption><\/figure><\/div>\n\n\n\n<div class=\"wp-block-image\"><figure class=\"aligncenter\"><img loading=\"lazy\" decoding=\"async\" width=\"441\" height=\"631\" src=\"http:\/\/luzemhisterio.com.br\/blog\/wp-content\/uploads\/2019\/03\/15-de-mar\u00e7o2.jpg\" alt=\"\" class=\"wp-image-1276\" srcset=\"https:\/\/luzemhisterio.com\/blog\/wp-content\/uploads\/2019\/03\/15-de-mar\u00e7o2.jpg 441w, https:\/\/luzemhisterio.com\/blog\/wp-content\/uploads\/2019\/03\/15-de-mar\u00e7o2-210x300.jpg 210w\" sizes=\"auto, (max-width: 441px) 100vw, 441px\" \/><figcaption>15 de Mar\u00e7o de 2019<\/figcaption><\/figure><\/div>\n\n\n\n<figure class=\"wp-block-audio\"><audio controls src=\"http:\/\/luzemhisterio.com.br\/blog\/wp-content\/uploads\/2019\/03\/Medita\u00e7\u00e3o1.1.mp3\"><\/audio><figcaption>Convite para a prepara\u00e7\u00e3o da entrada do Ano Novo<\/figcaption><\/figure>\n\n\n\n<figure class=\"wp-block-audio\"><audio controls src=\"http:\/\/luzemhisterio.com.br\/blog\/wp-content\/uploads\/2019\/03\/Esclarecimento1.2.mp3\"><\/audio><figcaption>Esclarecimento do proposito destes \u00e1udios<br><br><\/figcaption><\/figure>\n\n\n\n<figure class=\"wp-block-audio\"><audio controls src=\"http:\/\/luzemhisterio.com.br\/blog\/wp-content\/uploads\/2019\/03\/Medita\u00e7\u00e3o1.3.mp3\"><\/audio><figcaption>Sintonizando-se com o Outono<\/figcaption><\/figure>\n\n\n\n<div class=\"wp-block-image\"><figure class=\"aligncenter\"><img loading=\"lazy\" decoding=\"async\" width=\"469\" height=\"669\" src=\"http:\/\/luzemhisterio.com.br\/blog\/wp-content\/uploads\/2019\/03\/16femar\u00e7o.jpg\" alt=\"\" class=\"wp-image-1277\" srcset=\"https:\/\/luzemhisterio.com\/blog\/wp-content\/uploads\/2019\/03\/16femar\u00e7o.jpg 469w, https:\/\/luzemhisterio.com\/blog\/wp-content\/uploads\/2019\/03\/16femar\u00e7o-210x300.jpg 210w\" sizes=\"auto, (max-width: 469px) 100vw, 469px\" \/><figcaption>16 de Mar\u00e7o de 2019<\/figcaption><\/figure><\/div>\n\n\n\n<figure class=\"wp-block-audio\"><audio controls src=\"http:\/\/luzemhisterio.com.br\/blog\/wp-content\/uploads\/2019\/03\/medita\u00e7\u00e3o2.1.mp3\"><\/audio><figcaption>Medita\u00e7\u00e3o para o Equil\u00edbrio<\/figcaption><\/figure>\n\n\n\n<figure class=\"wp-block-audio\"><audio controls src=\"http:\/\/luzemhisterio.com.br\/blog\/wp-content\/uploads\/2019\/03\/medita\u00e7\u00e3o2.2.mp3\"><\/audio><figcaption>Esclarecimentos: Como entrar em sintonia com o Regente do Ano Marte?<\/figcaption><\/figure>\n\n\n\n<figure class=\"wp-block-audio\"><audio controls src=\"http:\/\/luzemhisterio.com.br\/blog\/wp-content\/uploads\/2019\/03\/medita\u00e7\u00e3o2.3.mp3\"><\/audio><figcaption>Medita\u00e7\u00e3o para a Auto Cura<\/figcaption><\/figure>\n\n\n\n<div class=\"wp-block-image\"><figure class=\"aligncenter\"><img loading=\"lazy\" decoding=\"async\" width=\"485\" height=\"704\" src=\"http:\/\/luzemhisterio.com.br\/blog\/wp-content\/uploads\/2019\/03\/17demar\u00e7o-1.jpg\" alt=\"\" class=\"wp-image-1282\" srcset=\"https:\/\/luzemhisterio.com\/blog\/wp-content\/uploads\/2019\/03\/17demar\u00e7o-1.jpg 485w, https:\/\/luzemhisterio.com\/blog\/wp-content\/uploads\/2019\/03\/17demar\u00e7o-1-207x300.jpg 207w\" sizes=\"auto, (max-width: 485px) 100vw, 485px\" \/><figcaption>17 de Mar\u00e7o de 2019<\/figcaption><\/figure><\/div>\n\n\n\n<figure class=\"wp-block-audio\"><audio controls src=\"http:\/\/luzemhisterio.com.br\/blog\/wp-content\/uploads\/2019\/03\/medita\u00e7\u00e3o-3.1.mp3\"><\/audio><figcaption>Medita\u00e7\u00e3o Ano Novo Astrol\u00f3gico<\/figcaption><\/figure>\n\n\n\n<figure class=\"wp-block-audio\"><audio controls src=\"http:\/\/luzemhisterio.com.br\/blog\/wp-content\/uploads\/2019\/03\/medita\u00e7\u00e3o-3.2.mp3\"><\/audio><figcaption>Esclarecimentos: O que acontece na Lua Cheia<\/figcaption><\/figure>\n\n\n\n<figure class=\"wp-block-audio\"><audio controls src=\"http:\/\/luzemhisterio.com.br\/blog\/wp-content\/uploads\/2019\/03\/medita\u00e7\u00e3o-3.3.mp3\"><\/audio><figcaption>Invoca\u00e7\u00e3o 2019<\/figcaption><\/figure>\n\n\n\n<div class=\"wp-block-image\"><figure class=\"aligncenter\"><img loading=\"lazy\" decoding=\"async\" width=\"501\" height=\"707\" src=\"http:\/\/luzemhisterio.com.br\/blog\/wp-content\/uploads\/2019\/03\/18demar\u00e7o.jpg\" alt=\"\" class=\"wp-image-1286\" srcset=\"https:\/\/luzemhisterio.com\/blog\/wp-content\/uploads\/2019\/03\/18demar\u00e7o.jpg 501w, https:\/\/luzemhisterio.com\/blog\/wp-content\/uploads\/2019\/03\/18demar\u00e7o-213x300.jpg 213w\" sizes=\"auto, (max-width: 501px) 100vw, 501px\" \/><figcaption>18 de Mar\u00e7o de 2019<\/figcaption><\/figure><\/div>\n\n\n\n<figure class=\"wp-block-audio\"><audio controls src=\"http:\/\/luzemhisterio.com.br\/blog\/wp-content\/uploads\/2019\/03\/medita\u00e7\u00e3o-4.1.mp3\"><\/audio><figcaption>Medita\u00e7\u00e3o Talism\u00e3s para 2019<\/figcaption><\/figure>\n\n\n\n<figure class=\"wp-block-audio\"><audio controls src=\"http:\/\/luzemhisterio.com.br\/blog\/wp-content\/uploads\/2019\/03\/medita\u00e7\u00e3o-4.2.mp3\"><\/audio><figcaption>Esclarecimentos: O que acontece no Outono<\/figcaption><\/figure>\n\n\n\n<figure class=\"wp-block-audio\"><audio controls src=\"http:\/\/luzemhisterio.com.br\/blog\/wp-content\/uploads\/2019\/03\/medita\u00e7\u00e3o-4.3.mp3\"><\/audio><figcaption>Neste Ano fa\u00e7o o que tem que ser feito<\/figcaption><\/figure>\n\n\n\n<div class=\"wp-block-image\"><figure class=\"aligncenter\"><img loading=\"lazy\" decoding=\"async\" width=\"524\" height=\"732\" src=\"http:\/\/luzemhisterio.com.br\/blog\/wp-content\/uploads\/2019\/03\/19mar\u00e7o.jpg\" alt=\"\" class=\"wp-image-1291\" srcset=\"https:\/\/luzemhisterio.com\/blog\/wp-content\/uploads\/2019\/03\/19mar\u00e7o.jpg 524w, https:\/\/luzemhisterio.com\/blog\/wp-content\/uploads\/2019\/03\/19mar\u00e7o-215x300.jpg 215w\" sizes=\"auto, (max-width: 524px) 100vw, 524px\" \/><figcaption>19 de Mar\u00e7o de 2019<br><br><\/figcaption><\/figure><\/div>\n\n\n\n<figure class=\"wp-block-audio\"><audio controls src=\"http:\/\/luzemhisterio.com.br\/blog\/wp-content\/uploads\/2019\/03\/Medita\u00e7\u00e3o-5.mp3\"><\/audio><figcaption>Medita\u00e7\u00e3o Adeus Ano Velho<\/figcaption><\/figure>\n\n\n\n<figure class=\"wp-block-audio\"><audio controls src=\"http:\/\/luzemhisterio.com.br\/blog\/wp-content\/uploads\/2019\/03\/esclarecimentos5.mp3\"><\/audio><figcaption>Esclarecimentos: Rituais para o Ano Novo<\/figcaption><\/figure>\n\n\n\n<figure class=\"wp-block-audio\"><audio controls src=\"http:\/\/luzemhisterio.com.br\/blog\/wp-content\/uploads\/2019\/03\/Medita\u00e7\u00e3o-5.3.mp3\"><\/audio><figcaption>Medita\u00e7\u00e3o Verbos da sorte para 2019<\/figcaption><\/figure>\n\n\n\n<div class=\"wp-block-image\"><figure class=\"aligncenter\"><img loading=\"lazy\" decoding=\"async\" width=\"469\" height=\"671\" src=\"http:\/\/luzemhisterio.com.br\/blog\/wp-content\/uploads\/2019\/03\/20demar\u00e7o.jpg\" alt=\"\" class=\"wp-image-1295\" srcset=\"https:\/\/luzemhisterio.com\/blog\/wp-content\/uploads\/2019\/03\/20demar\u00e7o.jpg 469w, https:\/\/luzemhisterio.com\/blog\/wp-content\/uploads\/2019\/03\/20demar\u00e7o-210x300.jpg 210w\" sizes=\"auto, (max-width: 469px) 100vw, 469px\" \/><figcaption>20 de Mar\u00e7o de 2019<br><br><\/figcaption><\/figure><\/div>\n\n\n\n<figure class=\"wp-block-audio\"><audio controls src=\"http:\/\/luzemhisterio.com.br\/blog\/wp-content\/uploads\/2019\/03\/medita\u00e7\u00e3o6.1.mp3\"><\/audio><figcaption>Medita\u00e7\u00e3o Feliz Ano Novo<\/figcaption><\/figure>\n\n\n\n<figure class=\"wp-block-audio\"><audio controls src=\"http:\/\/luzemhisterio.com.br\/blog\/wp-content\/uploads\/2019\/03\/medita\u00e7\u00e3o6.2.mp3\"><\/audio><figcaption>Esclarecimentos: Vibra\u00e7\u00f5es de Marte para cada Signo Joel Aleixo (Alquimista)<\/figcaption><\/figure>\n\n\n\n<figure class=\"wp-block-audio\"><audio controls src=\"http:\/\/luzemhisterio.com.br\/blog\/wp-content\/uploads\/2019\/03\/Medita\u00e7\u00e3o-6.3.mp3\"><\/audio><figcaption>Medita\u00e7\u00e3o Breve leitura do Mapa Astrol\u00f3gico 2019<\/figcaption><\/figure>\n\n\n\n<p>Que em 2019 nossa luta interna seja da Paz e sabedoria em nossos cora\u00e7\u00f5es<\/p>\n\n\n\n<p>Namast\u00ea<\/p>\n","protected":false},"excerpt":{"rendered":"<p>O proposito destes \u00e1udios de medita\u00e7\u00e3o e esclarecimentos e nos preparar para o nascimento de um novo Ano Astrol\u00f3gico.<\/p>\n","protected":false},"author":2,"featured_media":1267,"comment_status":"closed","ping_status":"open","sticky":false,"template":"","format":"standard","meta":{"footnotes":""},"categories":[96],"tags":[420,421,181,25,57],"class_list":["post-1268","post","type-post","status-publish","format-standard","has-post-thumbnail","hentry","category-essencial","tag-420","tag-ano-marte","tag-lua-cheia","tag-meditacao","tag-outono"],"_links":{"self":[{"href":"https:\/\/luzemhisterio.com\/blog\/wp-json\/wp\/v2\/posts\/1268","targetHints":{"allow":["GET"]}}],"collection":[{"href":"https:\/\/luzemhisterio.com\/blog\/wp-json\/wp\/v2\/posts"}],"about":[{"href":"https:\/\/luzemhisterio.com\/blog\/wp-json\/wp\/v2\/types\/post"}],"author":[{"embeddable":true,"href":"https:\/\/luzemhisterio.com\/blog\/wp-json\/wp\/v2\/users\/2"}],"replies":[{"embeddable":true,"href":"https:\/\/luzemhisterio.com\/blog\/wp-json\/wp\/v2\/comments?post=1268"}],"version-history":[{"count":6,"href":"https:\/\/luzemhisterio.com\/blog\/wp-json\/wp\/v2\/posts\/1268\/revisions"}],"predecessor-version":[{"id":1475,"href":"https:\/\/luzemhisterio.com\/blog\/wp-json\/wp\/v2\/posts\/1268\/revisions\/1475"}],"wp:featuredmedia":[{"embeddable":true,"href":"https:\/\/luzemhisterio.com\/blog\/wp-json\/wp\/v2\/media\/1267"}],"wp:attachment":[{"href":"https:\/\/luzemhisterio.com\/blog\/wp-json\/wp\/v2\/media?parent=1268"}],"wp:term":[{"taxonomy":"category","embeddable":true,"href":"https:\/\/luzemhisterio.com\/blog\/wp-json\/wp\/v2\/categories?post=1268"},{"taxonomy":"post_tag","embeddable":true,"href":"https:\/\/luzemhisterio.com\/blog\/wp-json\/wp\/v2\/tags?post=1268"}],"curies":[{"name":"wp","href":"https:\/\/api.w.org\/{rel}","templated":true}]}}