{"id":1540,"date":"2020-03-19T16:00:02","date_gmt":"2020-03-19T16:00:02","guid":{"rendered":"http:\/\/luzemhisterio.com.br\/blog\/?p=1540"},"modified":"2025-09-03T14:27:30","modified_gmt":"2025-09-03T14:27:30","slug":"19-de-marco-saint-germain","status":"publish","type":"post","link":"https:\/\/luzemhisterio.com\/blog\/fraternidade-branca\/19-de-marco-saint-germain\/","title":{"rendered":"19 de Mar\u00e7o\/Saint Germain"},"content":{"rendered":"\n<figure class=\"wp-block-image size-large\"><img loading=\"lazy\" decoding=\"async\" width=\"269\" height=\"358\" src=\"http:\/\/luzemhisterio.com.br\/blog\/wp-content\/uploads\/2020\/03\/Saint-Germain.jpg\" alt=\"\" class=\"wp-image-1544\" srcset=\"https:\/\/luzemhisterio.com\/blog\/wp-content\/uploads\/2020\/03\/Saint-Germain.jpg 269w, https:\/\/luzemhisterio.com\/blog\/wp-content\/uploads\/2020\/03\/Saint-Germain-225x300.jpg 225w\" sizes=\"auto, (max-width: 269px) 100vw, 269px\" \/><\/figure>\n\n\n\n<p>Saint German<\/p>\n\n\n\n<p>MESTRE ASCENSO &#8211; CHOHAN DO S\u00c9TIMO RAIO<br>\nPodemos cham\u00e1-lo de Deus da Liberdade, Saint Germain, Santo Irm\u00e3o, S\u00e3o Jos\u00e9.<\/p>\n\n\n\n<p>Saint Germain foi o Pai f\u00edsico de Jesus, &#8220;O representante do Filho de Deus&#8221; e tamb\u00e9m \u00e9 Pai de todos os filhos e filhas de Deus que trilham o caminho do Cristo na Terra.<\/p>\n\n\n\n<p>O anseio de sua alma tem sido libertar a humanidade da opress\u00e3o, da injusti\u00e7a, da ignor\u00e2ncia, da dor, da maldade, do ego e de tudo que aprisiona a alma.<\/p>\n\n\n\n<p>Este sempre foi o marco de sua luta e servi\u00e7o em todas as suas encarna\u00e7\u00f5es, atuando nas mais diferentes \u00e1reas, sempre elevando a bandeira da Liberdade.<\/p>\n\n\n\n<p>Ao longo de suas muitas vidas na Terra, Saint Germain elevou sua consci\u00eancia, aprimorando e devolvendo as qualidades do s\u00e9timo raio de energia c\u00f3smica, que s\u00e3o: liberdade, justi\u00e7a, alquimia, transmuta\u00e7\u00e3o, profecia, rejuvenescimento, oportunidade e perd\u00e3o.<\/p>\n\n\n\n<p>A Chama Violeta \u00e9 um aspecto do s\u00e9timo raio do Esp\u00edrito Santo. O Fogo Sagrado que transmuta a causa, o efeito, o registro e a mem\u00f3ria do nosso passado e o carma negativo.<\/p>\n\n\n\n<p>Esta \u00e9 a Chama da Transmuta\u00e7\u00e3o, da Liberdade e do Perd\u00e3o Divino.<\/p>\n\n\n\n<p>Chama Violeta<br> Nem todas as pessoas conhecem com exatid\u00e3o a forma como a Chama Violeta atua em<br> nossos corpos, quando ela realiza o processo de transmuta\u00e7\u00e3o. Por isso, vale a pena<br> detalhar um pouco o que esta Chama \u00e9 capaz de fazer por n\u00f3s.<br> De fato, temos \u00e0 nossa disposi\u00e7\u00e3o um instrumento que quando utilizado nos liberta de<br> carmas do passado, possibilitando-nos retornar \u00e0 Luz, rumo \u00e0 ascens\u00e3o. Depois de muito<br> tempo guardando o conhecimento da Chama Violeta em segredo, os Mestres decidiram<br> liber\u00e1-la, para o uso de todos durante esta \u00e9poca atual, t\u00e3o crucial para a humanidade.<br> Saint Germain disse: &#8220;O uso da chama violeta consumidora \u00e9 mais valioso para voc\u00ea e<br> para toda a humanidade do que toda a riqueza, todo o ouro, todas as j\u00f3ias do planeta&#8221;. A<br> Chama Violeta \u00e9 uma forte e poderosa chama que transmuta tudo em n\u00f3s e \u00e0 nossa<br> volta que n\u00e3o seja paz, amor e harmonia. Assim, a Chama Violeta \u00e9 conhecida como o<br> Fogo Purificador, a Chama da Transmuta\u00e7\u00e3o.<br> A cor violeta \u00e9 a cor m\u00e1xima da espiritualidade, \u00e9 a freq\u00fc\u00eancia maior de vibra\u00e7\u00e3o, e ela<br> pode ser utilizada como exerc\u00edcio de visualiza\u00e7\u00e3o di\u00e1ria, para nos reequilibrarmos e<br> equilibrarmos tudo \u00e0 nossa volta, transmutando tudo em Perfei\u00e7\u00e3o, Paz, Liberta\u00e7\u00e3o, Luz<br> e Amor Universal.<br> A Chama Violeta \u00e9 a ess\u00eancia do S\u00e9timo Raio. Cada raio tem uma cor, freq\u00fc\u00eancia e<br> qualidade espec\u00edfica da consci\u00eancia de Deus. O Raio Violeta \u00e9 conhecido como o S\u00e9timo<br> Raio. Quando voc\u00ea o invoca, ele desce como uma energia ultra qualificada, explodindo<br> numa chama espiritual, com os atributos de miseric\u00f3rdia, perd\u00e3o, justi\u00e7a, liberdade e<br> transmuta\u00e7\u00e3o. Saint Germain \u00e9 conhecido como o Senhor do S\u00e9timo Raio, e por quase<br> oitenta anos, Ele t\u00eam-nos preparado para entrar na era de Aqu\u00e1rio, na era da paz, da<br> liberdade e da ilumina\u00e7\u00e3o.<br> A atua\u00e7\u00e3o da Chama Violeta se assemelha \u00e0 do sab\u00e3o. O sab\u00e3o limpa a sujeira de nossas<br> roupas pelo uso das cargas negativas e positivas dos \u00e1tomos. Isso porque cada uma de<br> suas mol\u00e9culas tem dois lados: um lado que \u00e9 atra\u00eddo pela sujeira, e um lado que \u00e9<br> atra\u00eddo pela \u00e1gua. O lado que prefere a sujeira atrai a sujeira, como um im\u00e3 atrai um<br> clipe de papel. O lado que prefere a \u00e1gua, fixa-se na \u00e1gua, carregando a sujeira com ela.<br> Quando invocamos a Chama Violeta, cria-se uma polaridade entre o n\u00facleo do \u00e1tomo e o<br> n\u00facleo de fogo branco da Chama. O n\u00facleo do \u00e1tomo, sendo mat\u00e9ria, assume o p\u00f3lo<br> negativo; o n\u00facleo de fogo branco da Chama Violeta, sendo esp\u00edrito, assume o p\u00f3lo<br> positivo. A intera\u00e7\u00e3o entre o n\u00facleo do \u00e1tomo e o da luz na Chama Violeta, estabelece<br> uma oscila\u00e7\u00e3o. Essa oscila\u00e7\u00e3o desaloja as densidades enredadas entre os el\u00e9trons que<br> orbitam ao redor do n\u00facleo. Assim que essa subst\u00e2ncia pesada que sobrecarrega o<br> \u00e1tomo se solta, \u00e9 lan\u00e7ada na Chama Violeta e levada embora. Mas, diversamente do<br> sab\u00e3o, a Chama Violeta n\u00e3o s\u00f3 envolve e remove os escombros, como tamb\u00e9m os<br> transforma em pura energia de LUZ. Libertos dos escombros, os el\u00e9trons come\u00e7am a<br> mover-se livremente, elevando a nossa vibra\u00e7\u00e3o e propelindo-nos para um estado mais<br> espiritual de ser. As pessoas percebem uma diferen\u00e7a espiritual e f\u00edsica quando usam a<br> Chama Violeta habitualmente.<br> O que faz a Chama Violeta quando permeia os \u00e1tomos? Os Mestres nos d\u00e3o a seguinte<br> explica\u00e7\u00e3o: Todos sabem que os \u00e1tomos se constituem principalmente de espa\u00e7os vazios.<br> Se um \u00e1tomo for do tamanho de uma bola de basquete, seu n\u00facleo seria ainda muito<br> pequeno para nossos olhos poderem enxergar. Entretanto, 99,9% da massa do \u00e1tomo<br> est\u00e1 concentrada no n\u00facleo, deixando o resto da bola de basquete com espa\u00e7o vazio,<br> habitado somente pelos el\u00e9trons, que pesam muito pouco. Todo aquele espa\u00e7o entre o<br> n\u00facleo e a borda do \u00e1tomo \u00e9 onde a disc\u00f3rdia e as energias negativas podem se fixar. No<br> n\u00edvel celular e molecular, essas subst\u00e2ncias parecem como poeira, fuligem, piche ou<br> cimento.<br> Os Mestres contam-nos que, quando nossos corpos espiritual e f\u00edsico se tornam<br> obstru\u00eddos por energia negativa e pelo carma, diminui a vibra\u00e7\u00e3o dos el\u00e9trons em nossos<br> quatro corpos inferiores. Ent\u00e3o come\u00e7amos a ressonar mais com a negatividade e menos<br> com a pura energia c\u00f3smica que vem da nossa Presen\u00e7a Divina (Eu Superior). Quanto<br> mais subst\u00e2ncia negativa houver em nossos quatro corpos inferiores, mais baixo ser\u00e1 o<br> nosso padr\u00e3o vibracional e mais sobrecarregados nos tornamos.<br> O Fogo Violeta transmuta qualquer coisa negativa onde quer que esteja alojada, no seu<br> ser f\u00edsico ou espiritual. Isso inclui tudo, desde as sementes do \u00f3dio a si pr\u00f3prio at\u00e9 o<br> v\u00edrus f\u00edsico. Quando a Chama Violeta atua, passa atrav\u00e9s dos espa\u00e7os obstru\u00eddos entre os<br> el\u00e9trons e o n\u00facleo. Ela ejeta essas part\u00edculas de subst\u00e2ncia densa de seu corpo e as<br> dissolve. Esse processo transmuta a energia negativa em energia positiva, restaurando a<br> sua pureza inata.<\/p>\n\n\n\n<figure class=\"wp-block-image size-large\"><img loading=\"lazy\" decoding=\"async\" width=\"1024\" height=\"576\" src=\"http:\/\/luzemhisterio.com.br\/blog\/wp-content\/uploads\/2020\/03\/maxresdefault-1024x576.jpg\" alt=\"\" class=\"wp-image-1546\" srcset=\"https:\/\/luzemhisterio.com\/blog\/wp-content\/uploads\/2020\/03\/maxresdefault-1024x576.jpg 1024w, https:\/\/luzemhisterio.com\/blog\/wp-content\/uploads\/2020\/03\/maxresdefault-300x169.jpg 300w, https:\/\/luzemhisterio.com\/blog\/wp-content\/uploads\/2020\/03\/maxresdefault-768x432.jpg 768w, https:\/\/luzemhisterio.com\/blog\/wp-content\/uploads\/2020\/03\/maxresdefault.jpg 1280w\" sizes=\"auto, (max-width: 1024px) 100vw, 1024px\" \/><\/figure>\n\n\n\n<p>Precipita\u00e7\u00e3o da CHAMA VIOLETA<br>\nSolicite ao Mestre Saint Germain que precipite<br>\nsobre voc\u00ea a Chama Violeta.<br>\nNeste momento, o praticante poder\u00e1 visualizar<br>\n\u201cmanchas\u201d escuras na sua aura sendo<br>\nconsumidas pelo \u201cfogo\u201d violeta. Essas manchas<br>\nrepresentam desarmonias que precisam ser<br>\neliminadas.<br>\n\u00c9 preciso visualizar a Chama atuando nos<br>\n\u00f3rg\u00e3os f\u00edsicos do praticante, inclusive no n\u00edvel<br>\nat\u00f4mico, de modo que todos os \u201cespa\u00e7os<br>\nvazios\u201d sejam preenchidos por esta energia.<br>\nEsta \u00e9 a oportunidade para lucificar os nossos<br>\nquatro corpos inferiores.<br>\nExpans\u00e3o da Chama Violeta nas<br>\nimedia\u00e7\u00f5es<br>\nDepois de completar o exerc\u00edcio no n\u00edvel<br>\nindividual, deve-se expandir a Chama Violeta<br>\nde modo que ela envolva os ambientes<br>\npr\u00f3ximos do praticante (lar, local de trabalho,<br>\netc) e, tamb\u00e9m, as pessoas do seu<br>\nrelacionamento \u00edntimo, como familiares, por<br>\nexemplo.<\/p>\n","protected":false},"excerpt":{"rendered":"<p>Hoje, 19 de Mar\u00e7o \u00e9 dia de Saint Germain.<\/p>\n","protected":false},"author":2,"featured_media":1544,"comment_status":"closed","ping_status":"open","sticky":false,"template":"","format":"standard","meta":{"footnotes":""},"categories":[208],"tags":[123],"class_list":["post-1540","post","type-post","status-publish","format-standard","has-post-thumbnail","hentry","category-fraternidade-branca","tag-fraternidade-branca"],"_links":{"self":[{"href":"https:\/\/luzemhisterio.com\/blog\/wp-json\/wp\/v2\/posts\/1540","targetHints":{"allow":["GET"]}}],"collection":[{"href":"https:\/\/luzemhisterio.com\/blog\/wp-json\/wp\/v2\/posts"}],"about":[{"href":"https:\/\/luzemhisterio.com\/blog\/wp-json\/wp\/v2\/types\/post"}],"author":[{"embeddable":true,"href":"https:\/\/luzemhisterio.com\/blog\/wp-json\/wp\/v2\/users\/2"}],"replies":[{"embeddable":true,"href":"https:\/\/luzemhisterio.com\/blog\/wp-json\/wp\/v2\/comments?post=1540"}],"version-history":[{"count":3,"href":"https:\/\/luzemhisterio.com\/blog\/wp-json\/wp\/v2\/posts\/1540\/revisions"}],"predecessor-version":[{"id":1547,"href":"https:\/\/luzemhisterio.com\/blog\/wp-json\/wp\/v2\/posts\/1540\/revisions\/1547"}],"wp:featuredmedia":[{"embeddable":true,"href":"https:\/\/luzemhisterio.com\/blog\/wp-json\/wp\/v2\/media\/1544"}],"wp:attachment":[{"href":"https:\/\/luzemhisterio.com\/blog\/wp-json\/wp\/v2\/media?parent=1540"}],"wp:term":[{"taxonomy":"category","embeddable":true,"href":"https:\/\/luzemhisterio.com\/blog\/wp-json\/wp\/v2\/categories?post=1540"},{"taxonomy":"post_tag","embeddable":true,"href":"https:\/\/luzemhisterio.com\/blog\/wp-json\/wp\/v2\/tags?post=1540"}],"curies":[{"name":"wp","href":"https:\/\/api.w.org\/{rel}","templated":true}]}}