{"id":2156,"date":"2023-01-26T14:09:00","date_gmt":"2023-01-26T14:09:00","guid":{"rendered":"https:\/\/luzemhisterio.com\/blog\/?p=2156"},"modified":"2025-09-03T00:57:02","modified_gmt":"2025-09-03T00:57:02","slug":"vibracoes-do-dia-26-de-janeiro-de-2023","status":"publish","type":"post","link":"https:\/\/luzemhisterio.com\/blog\/diario-da-alquimista\/vibracoes-do-dia-26-de-janeiro-de-2023\/","title":{"rendered":"Vibra\u00e7\u00f5es do dia 26 de janeiro de 2023"},"content":{"rendered":"\n<figure class=\"wp-block-gallery has-nested-images columns-default is-cropped wp-block-gallery-1 is-layout-flex wp-block-gallery-is-layout-flex\">\n<figure class=\"wp-block-image size-full\"><a href=\"https:\/\/luzemhisterio.com\/blog\/wp-content\/uploads\/2023\/01\/26janeiro.jpg\"><img loading=\"lazy\" decoding=\"async\" width=\"288\" height=\"453\" data-id=\"2244\" src=\"https:\/\/luzemhisterio.com\/blog\/wp-content\/uploads\/2023\/01\/26janeiro.jpg\" alt=\"\" class=\"wp-image-2244\" srcset=\"https:\/\/luzemhisterio.com\/blog\/wp-content\/uploads\/2023\/01\/26janeiro.jpg 288w, https:\/\/luzemhisterio.com\/blog\/wp-content\/uploads\/2023\/01\/26janeiro-191x300.jpg 191w\" sizes=\"auto, (max-width: 288px) 100vw, 288px\" \/><\/a><\/figure>\n<\/figure>\n\n\n\n<p>Nesta linda quinta feira vamos trabalhar o desapego , a vibra\u00e7\u00e3o do Arcano da Torre deleta de nossa vida tudo que n\u00e3o est\u00e1 certo. Isso mesmo, qualquer alicerce que estiver em areia movedi\u00e7a(n\u00e3o importa o tamanho da constru\u00e7\u00e3o)\u00e9 arrancada e a obra vem abaixo. Vivencie seu prop\u00f3sito de vida com seu cora\u00e7\u00e3o, sem amarras.<\/p>\n\n\n\n<figure class=\"wp-block-audio\"><audio controls src=\"https:\/\/luzemhisterio.com\/blog\/wp-content\/uploads\/2023\/01\/26janeiro1.mp3\"><\/audio><\/figure>\n\n\n\n<p><\/p>\n\n\n\n<figure class=\"wp-block-audio\"><audio controls src=\"https:\/\/luzemhisterio.com\/blog\/wp-content\/uploads\/2023\/01\/26janeiro2.mp3\"><\/audio><figcaption>Vamos filosofar<br> sobre a vibra\u00e7\u00e3o do Arcano da Torre<\/figcaption><\/figure>\n\n\n\n<p><\/p>\n\n\n\n<figure class=\"wp-block-gallery has-nested-images columns-default is-cropped wp-block-gallery-2 is-layout-flex wp-block-gallery-is-layout-flex\">\n<figure class=\"wp-block-image size-large\"><a href=\"https:\/\/luzemhisterio.com\/blog\/wp-content\/uploads\/2023\/01\/26janeiro.png\"><img loading=\"lazy\" decoding=\"async\" width=\"1024\" height=\"1024\" data-id=\"2248\" src=\"https:\/\/luzemhisterio.com\/blog\/wp-content\/uploads\/2023\/01\/26janeiro-1024x1024.png\" alt=\"\" class=\"wp-image-2248\" srcset=\"https:\/\/luzemhisterio.com\/blog\/wp-content\/uploads\/2023\/01\/26janeiro-1024x1024.png 1024w, https:\/\/luzemhisterio.com\/blog\/wp-content\/uploads\/2023\/01\/26janeiro-300x300.png 300w, https:\/\/luzemhisterio.com\/blog\/wp-content\/uploads\/2023\/01\/26janeiro-150x150.png 150w, https:\/\/luzemhisterio.com\/blog\/wp-content\/uploads\/2023\/01\/26janeiro-768x768.png 768w, https:\/\/luzemhisterio.com\/blog\/wp-content\/uploads\/2023\/01\/26janeiro-50x50.png 50w, https:\/\/luzemhisterio.com\/blog\/wp-content\/uploads\/2023\/01\/26janeiro-80x80.png 80w, https:\/\/luzemhisterio.com\/blog\/wp-content\/uploads\/2023\/01\/26janeiro-120x120.png 120w, https:\/\/luzemhisterio.com\/blog\/wp-content\/uploads\/2023\/01\/26janeiro.png 1080w\" sizes=\"auto, (max-width: 1024px) 100vw, 1024px\" \/><\/a><\/figure>\n<\/figure>\n\n\n\n<p> <\/p>\n\n\n\n<p>Vibra\u00e7\u00f5es que auxiliam nosso manifestar nesta quarta dia 26:<\/p>\n\n\n\n<p>Cristal : Ametista &#8211; Al\u00e9m de transmutar a negatividade \u00e9 um bom amigo que nos ensina o desapego<\/p>\n\n\n\n<p>Fitoterapia: Arruda que afasta todas as energias indesejadas<\/p>\n\n\n\n<p>Aromoterapia: Alfazema- Limpa os miasmas impregnados em nossa aura<\/p>\n\n\n\n<p>Cromoterapia: Violeta que transmuta todas as energias negativas<\/p>\n\n\n\n<p>Astrologia: Marte &#8211; Que o Guerreiro dentro de cada um de n\u00f3s ven\u00e7a a luta pessoal para atingir a realiza\u00e7\u00e3o.<\/p>\n\n\n\n<p>Conto de Fadas: Rapunzel- Nada de ficar na Torre viva seu caminho com liberdade.<\/p>\n\n\n\n<p>Palavra Chave: Desapego<\/p>\n\n\n\n<p>Lua Nova \u00c1ries: Hoje a Lua faz Sextil com o Sol,nos brindando com lucidez e clareza em nossos relacionamentos, favorecendo assim nossa vida afetiva.<\/p>\n\n\n\n<p><\/p>\n\n\n\n<p><\/p>\n\n\n\n<figure class=\"wp-block-gallery has-nested-images columns-default is-cropped wp-block-gallery-3 is-layout-flex wp-block-gallery-is-layout-flex\">\n<figure class=\"wp-block-image size-large\"><a href=\"https:\/\/luzemhisterio.com\/blog\/wp-content\/uploads\/2023\/01\/26janeiro-1.png\"><img loading=\"lazy\" decoding=\"async\" width=\"1024\" height=\"1024\" data-id=\"2249\" src=\"https:\/\/luzemhisterio.com\/blog\/wp-content\/uploads\/2023\/01\/26janeiro-1-1024x1024.png\" alt=\"\" class=\"wp-image-2249\" srcset=\"https:\/\/luzemhisterio.com\/blog\/wp-content\/uploads\/2023\/01\/26janeiro-1-1024x1024.png 1024w, https:\/\/luzemhisterio.com\/blog\/wp-content\/uploads\/2023\/01\/26janeiro-1-300x300.png 300w, https:\/\/luzemhisterio.com\/blog\/wp-content\/uploads\/2023\/01\/26janeiro-1-150x150.png 150w, https:\/\/luzemhisterio.com\/blog\/wp-content\/uploads\/2023\/01\/26janeiro-1-768x768.png 768w, https:\/\/luzemhisterio.com\/blog\/wp-content\/uploads\/2023\/01\/26janeiro-1-50x50.png 50w, https:\/\/luzemhisterio.com\/blog\/wp-content\/uploads\/2023\/01\/26janeiro-1-80x80.png 80w, https:\/\/luzemhisterio.com\/blog\/wp-content\/uploads\/2023\/01\/26janeiro-1-120x120.png 120w, https:\/\/luzemhisterio.com\/blog\/wp-content\/uploads\/2023\/01\/26janeiro-1.png 1080w\" sizes=\"auto, (max-width: 1024px) 100vw, 1024px\" \/><\/a><\/figure>\n<\/figure>\n\n\n\n<p>Floral Composto Alkhemylab: <strong>O Spray Floral Realiza\u00e7\u00e3o<\/strong>:<\/p>\n\n\n\n<p>Equilibra o elemento terra em n\u00edvel de personalidade;<br>Promove disciplina, seguran\u00e7a, confian\u00e7a, ambi\u00e7\u00e3o, realiza\u00e7\u00e3o e prosperidade;<br>Potencializa a a\u00e7\u00e3o dos compostos da linha autocuidado ricos em elemento terra, tais como: For\u00e7a, Regenera\u00e7\u00e3o e Redu\u00e7\u00e3o;<br>Harmoniza os chakras b\u00e1sico, espl\u00eanico e umbilical.<\/p>\n\n\n\n<p>Forte abra\u00e7o<\/p>\n\n\n\n<p>Namast\u00ea!<\/p>\n","protected":false},"excerpt":{"rendered":"<p>Vamos realizar nossos proposito de vida com coragem e desapego<\/p>\n","protected":false},"author":2,"featured_media":2244,"comment_status":"open","ping_status":"open","sticky":false,"template":"","format":"standard","meta":{"footnotes":""},"categories":[693,15],"tags":[551,549,107,19],"class_list":["post-2156","post","type-post","status-publish","format-standard","has-post-thumbnail","hentry","category-dia-a-dia","category-diario-da-alquimista","tag-aromoterapia","tag-lfitoterapia","tag-lua","tag-tarot"],"_links":{"self":[{"href":"https:\/\/luzemhisterio.com\/blog\/wp-json\/wp\/v2\/posts\/2156","targetHints":{"allow":["GET"]}}],"collection":[{"href":"https:\/\/luzemhisterio.com\/blog\/wp-json\/wp\/v2\/posts"}],"about":[{"href":"https:\/\/luzemhisterio.com\/blog\/wp-json\/wp\/v2\/types\/post"}],"author":[{"embeddable":true,"href":"https:\/\/luzemhisterio.com\/blog\/wp-json\/wp\/v2\/users\/2"}],"replies":[{"embeddable":true,"href":"https:\/\/luzemhisterio.com\/blog\/wp-json\/wp\/v2\/comments?post=2156"}],"version-history":[{"count":10,"href":"https:\/\/luzemhisterio.com\/blog\/wp-json\/wp\/v2\/posts\/2156\/revisions"}],"predecessor-version":[{"id":2262,"href":"https:\/\/luzemhisterio.com\/blog\/wp-json\/wp\/v2\/posts\/2156\/revisions\/2262"}],"wp:featuredmedia":[{"embeddable":true,"href":"https:\/\/luzemhisterio.com\/blog\/wp-json\/wp\/v2\/media\/2244"}],"wp:attachment":[{"href":"https:\/\/luzemhisterio.com\/blog\/wp-json\/wp\/v2\/media?parent=2156"}],"wp:term":[{"taxonomy":"category","embeddable":true,"href":"https:\/\/luzemhisterio.com\/blog\/wp-json\/wp\/v2\/categories?post=2156"},{"taxonomy":"post_tag","embeddable":true,"href":"https:\/\/luzemhisterio.com\/blog\/wp-json\/wp\/v2\/tags?post=2156"}],"curies":[{"name":"wp","href":"https:\/\/api.w.org\/{rel}","templated":true}]}}