{"id":2485,"date":"2024-04-02T20:35:59","date_gmt":"2024-04-02T20:35:59","guid":{"rendered":"https:\/\/luzemhisterio.com\/blog\/?p=2485"},"modified":"2025-09-02T23:32:17","modified_gmt":"2025-09-02T23:32:17","slug":"astro-oraculo-de-abril-de-2024","status":"publish","type":"post","link":"https:\/\/luzemhisterio.com\/blog\/questao-de-ser\/astro-oraculo-de-abril-de-2024\/","title":{"rendered":"Astro-oraculo de Abril de 2024"},"content":{"rendered":"<div class=\"wp-block-image\">\n<figure class=\"aligncenter size-full\"><a href=\"https:\/\/luzemhisterio.com\/blog\/wp-content\/uploads\/2024\/04\/touro1.jpg\"><img loading=\"lazy\" decoding=\"async\" width=\"736\" height=\"981\" src=\"https:\/\/luzemhisterio.com\/blog\/wp-content\/uploads\/2024\/04\/touro1.jpg\" alt=\"\" class=\"wp-image-2486\" srcset=\"https:\/\/luzemhisterio.com\/blog\/wp-content\/uploads\/2024\/04\/touro1.jpg 736w, https:\/\/luzemhisterio.com\/blog\/wp-content\/uploads\/2024\/04\/touro1-225x300.jpg 225w\" sizes=\"auto, (max-width: 736px) 100vw, 736px\" \/><\/a><figcaption>Na Roda Astrol\u00f3gica de 2024 &#8211; Abril vibra a Constela\u00e7\u00e3o de Touro<\/figcaption><\/figure>\n<\/div>\n\n\n<p class=\"has-text-align-center\">Sintonizando-se \u00e0 Roda Astrol\u00f3gica de Abri voc\u00ea estar\u00e1 em seu Caminho C\u00f3smico em:<br><strong>Uma Jornada de Seguran\u00e7a, Estabilidade e Prazer<\/strong><\/p>\n\n\n\n<p>O per\u00edodo solar de Touro em 2024 inicia em 20 de abril e se estende at\u00e9 20 de maio. Esse per\u00edodo marca a entrada do Sol no signo de Touro, trazendo \u00e0 tona a energia da praticidade,da seguran\u00e7a, da estabilidade, do prazer e da persist\u00eancia.<br>Temas-chave para Abril:<br>Seguran\u00e7a: A busca por seguran\u00e7a material e emocional estar\u00e1 intensificada, com um desejo de construir uma base s\u00f3lida para a vida.<br>Estabilidade: A necessidade de estabilidade em todas as \u00e1reas da vida ser\u00e1 forte, desde o trabalho at\u00e9 os relacionamentos.<br>Prazer: A valoriza\u00e7\u00e3o dos prazeres simples da vida estar\u00e1 em destaque, como boa comida, companhia agrad\u00e1vel e momentos de relaxamento.<br>Persist\u00eancia: A capacidade de persistir em seus objetivos e superar desafios ser\u00e1 essencial para alcan\u00e7ar o sucesso.<br>Praticidade: A busca por solu\u00e7\u00f5es pr\u00e1ticas e eficientes para os problemas do dia a dia ser\u00e1 importante.<br>Oportunidades e desafios para Abril:<br>Oportunidades:<br>Fortalecer sua seguran\u00e7a material e emocional.<br>Construir uma base s\u00f3lida para sua vida pessoal e profissional.<br>Apreciar os prazeres simples da vida.<br>Desenvolver sua persist\u00eancia e alcan\u00e7ar seus objetivos.<br>Encontrar solu\u00e7\u00f5es pr\u00e1ticas para os problemas do dia a dia.<br>Desafios:<br>Teimosia e resist\u00eancia a mudan\u00e7as.<br>Possessividade e apego material.<br>Pregui\u00e7a e falta de iniciativa.<br>Materialismo e superficialidade.<br>Dicas para aproveitar ao m\u00e1ximo o per\u00edodo solar de Touro em Abril:<br>Cultive a seguran\u00e7a: Invista em sua seguran\u00e7a material e emocional, criando uma base s\u00f3lida para sua vida.<br>Busque a estabilidade: Equilibre suas finan\u00e7as, organize seu tempo e crie uma rotina que te traga paz e seguran\u00e7a.<br>Aprecie os prazeres: Desfrute dos prazeres simples da vida,como boa comida, companhia agrad\u00e1vel e momentos de relaxamento.<br>Seja persistente: N\u00e3o desista dos seus objetivos, mesmo diante de desafios. Mantenha o foco e a determina\u00e7\u00e3o. Pratique a praticidade: Encontre solu\u00e7\u00f5es pr\u00e1ticas e eficientes para os problemas do dia a dia.<\/p>\n\n\n<div class=\"wp-block-image\">\n<figure class=\"aligncenter size-large\"><a href=\"https:\/\/luzemhisterio.com\/blog\/wp-content\/uploads\/2024\/04\/aries3.jpg\"><img loading=\"lazy\" decoding=\"async\" width=\"521\" height=\"1024\" src=\"https:\/\/luzemhisterio.com\/blog\/wp-content\/uploads\/2024\/04\/aries3-521x1024.jpg\" alt=\"\" class=\"wp-image-2487\" srcset=\"https:\/\/luzemhisterio.com\/blog\/wp-content\/uploads\/2024\/04\/aries3-521x1024.jpg 521w, https:\/\/luzemhisterio.com\/blog\/wp-content\/uploads\/2024\/04\/aries3-153x300.jpg 153w, https:\/\/luzemhisterio.com\/blog\/wp-content\/uploads\/2024\/04\/aries3.jpg 564w\" sizes=\"auto, (max-width: 521px) 100vw, 521px\" \/><\/a><figcaption>Vibra\u00e7\u00e3o da Constela\u00e7\u00e3o de \u00c1ries para Abril &#8211; 2024<\/figcaption><\/figure>\n<\/div>\n\n\n<p>\u00c1RIES<br>Per\u00edodo Solar:20 de Mar\u00e7o a 19 de Abril<br>Previs\u00e3o de conscientiza\u00e7\u00e3o para Abril:<br>Voc\u00ea vibra: Perman\u00eancia.<br>Neste m\u00eas entre em contato com seus desejos mais \u00edntimos e se esforce para atingir suas metas. Tenha coragem para superar obst\u00e1culos e dificuldades.<br>Amor: possibilidade de novos compromissos,\u00e9 prov\u00e1vel que voc\u00ea vivencie relacionamentos passionais, ardentes e intensos.<br>Trabalho: Tome as r\u00e9deas da situa\u00e7\u00e3o. Assuma a lideran\u00e7a.Nada de abusos financeiros.<br>Sa\u00fade: cuide do corpo de modo geral. Cansa\u00e7o f\u00edsico e mental podem ser recorrentes.Ansiedade e nervosismo poder\u00e3o se manifestar neste m\u00eas. Aten\u00e7\u00e3o, medite.<br>Espiritual: Conte com a for\u00e7a de sua alma para ser uma fonte inesgot\u00e1vel de f\u00e9 .<br><\/p>\n\n\n<div class=\"wp-block-image\">\n<figure class=\"aligncenter size-full\"><a href=\"https:\/\/luzemhisterio.com\/blog\/wp-content\/uploads\/2024\/04\/permanencia.jpg\"><img loading=\"lazy\" decoding=\"async\" width=\"564\" height=\"977\" src=\"https:\/\/luzemhisterio.com\/blog\/wp-content\/uploads\/2024\/04\/permanencia.jpg\" alt=\"\" class=\"wp-image-2488\" srcset=\"https:\/\/luzemhisterio.com\/blog\/wp-content\/uploads\/2024\/04\/permanencia.jpg 564w, https:\/\/luzemhisterio.com\/blog\/wp-content\/uploads\/2024\/04\/permanencia-173x300.jpg 173w\" sizes=\"auto, (max-width: 564px) 100vw, 564px\" \/><\/a><figcaption>Perman\u00eancia<\/figcaption><\/figure>\n<\/div>\n\n\n<p>Vamos refletir um pouco sobre perman\u00eancia:<br>A perman\u00eancia n\u00e3o se trata apenas de estar presente em um lugar ou situa\u00e7\u00e3o, mas sim de construir ra\u00edzes profundas, de se conectar com algo maior que si mesmo e de deixar uma marca significativa no mundo. \u00c9 uma jornada de crescimento e transforma\u00e7\u00e3o, onde aprendemos a navegar pelas mudan\u00e7as da vida com resili\u00eancia, sabedoria e amor.<br>Caracter\u00edsticas da perman\u00eancia:<br>Comprometimento: Dedicar-se a algo com paix\u00e3o, convic\u00e7\u00e3o e perseveran\u00e7a.<br>Resili\u00eancia: A capacidade de se adaptar \u00e0s mudan\u00e7as, superar desafios e se levantar ap\u00f3s cada queda.<br>Paci\u00eancia: A compreens\u00e3o de que o crescimento leva tempo e exige espera.<br>Persist\u00eancia: A teimosia positiva que te faz persistir at\u00e9 alcan\u00e7ar seus objetivos.<br>Aprendizado cont\u00ednuo: A busca constante por conhecimento, sabedoria e novas experi\u00eancias.<br>Evolu\u00e7\u00e3o: A capacidade de se transformar e se tornar a melhor vers\u00e3o de si mesmo.<br>Contribui\u00e7\u00e3o: Deixar uma marca positiva no mundo e ajudar os outros a prosperar.<br>Transcend\u00eancia: Ir al\u00e9m do ego e se conectar com algo maior que si mesmo.<br>Import\u00e2ncia da perman\u00eancia:<br>A perman\u00eancia te permite construir uma vida mais significativa e gratificante.<br>A perman\u00eancia te torna uma pessoa mais forte e resiliente.<br>A perman\u00eancia te ajuda a desenvolver relacionamentos mais profundos e aut\u00eanticos.<br>A perman\u00eancia te inspira a deixar um legado positivo no mundo.<br>Como desenvolver a perman\u00eancia em sua vida:<br>Defina seus valores e princ\u00edpios.<br>Encontre algo que te apaixone e se dedique a isso.<br>Cultive relacionamentos aut\u00eanticos e significativos.<br>Seja paciente e persistente em seus objetivos.<br>Aprenda com seus erros e continue tentando.<br>Contribua para o bem-estar da comunidade e do mundo.<br>Pratique a gratid\u00e3o pelas coisas boas em sua vida.<br>Viva o presente com aten\u00e7\u00e3o e plenitude.<br>A perman\u00eancia \u00e9 um processo cont\u00ednuo que exige dedica\u00e7\u00e3o, esfor\u00e7o e persist\u00eancia. Mas a recompensa \u00e9 enorme: a constru\u00e7\u00e3o de uma vida mais significativa, a realiza\u00e7\u00e3o de seus sonhos e a certeza de que voc\u00ea fez a diferen\u00e7a no mundo.<br>Lembre-se: A perman\u00eancia n\u00e3o significa estagna\u00e7\u00e3o, mas sim uma jornada constante de crescimento e transforma\u00e7\u00e3o. Abrace as mudan\u00e7as, aprenda com elas e continue evoluindo como pessoa. A perman\u00eancia te espera do outro lado da jornada.<br>Algumas frases inspiradoras sobre perman\u00eancia:<br><\/p>\n\n\n\n<p>&#8220;O que sinto pela dan\u00e7a tem as caracter\u00edsticas da paix\u00e3o, mas a perman\u00eancia do amor!&#8221;Paloma Alves<br>&#8220;O que faz a grandeza de algu\u00e9m n\u00e3o \u00e9 o ato , mas a perman\u00eancia em resistir \u00e0s adversidades &#8220;Elvis Rocha C.E<br>&#8220;As coisas vis\u00edveis s\u00e3o uma espiral sobre o invis\u00edvel.&#8221;Dem\u00f3crito e Anax\u00e1goras.<br>\u2060&#8221;Uma amizade se constitue por v\u00e1rios v\u00ednculos, mais a perman\u00eancia dela s\u00f3 se consiste por meio da sinceridade.&#8221;ILZIMAR DANTAS<br>&#8220;A imperman\u00eancia de certas coisas e a perman\u00eancia de outras, \u00e9 um algoz que nos desperta os sentidos e nos transporta pela vida.&#8221;Jeferson Magister<\/p>\n\n\n\n<p><br>Livros:<br>O Poder da A\u00e7\u00e3o &#8211; Autor: Paulo Veira &#8211; Editora:Gente &#8211; 23\u00aa edi\u00e7\u00e3o (1 junho 2015)<br>Idioma:Portugu\u00eas &#8211; Capa comum:256 p\u00e1ginas -ISBN-10:854520034X -ISBN-13:978-8545200345<\/p>\n\n\n\n<p>Os 7 H\u00e1bitos das Pessoas Altamente Eficazes &#8211; por Stephen R. Covey (Autor) -Editora:BestSeller &#8211; 98\u00aa edi\u00e7\u00e3o (27 junho 2022) &#8211; Idioma:Portugu\u00eas &#8211; Capa comum:512 p\u00e1ginas -ISBN-10:6557121472<br>ISBN-13:978-6557121474<\/p>\n\n\n\n<p>Mindset: A Nova Psicologia do Sucesso &#8211; por Carol S. Dweck (Autor), S. Duarte (Tradutor)<br>Editora:Objetiva &#8211; 1\u00aa edi\u00e7\u00e3o (24 janeiro 2017) &#8211; Idioma:Portugu\u00eas &#8211; Capa comum:312 p\u00e1ginas<br>ISBN-10:8547000240 &#8211; ISBN-13:978-8547000240<\/p>\n\n\n\n<p>Frases de Afirma\u00e7\u00e3o Perman\u00eancia:<br>Eu sou a for\u00e7a da natureza que permanece enraizada, mesmo com as mudan\u00e7as das esta\u00e7\u00f5es.<br>Minhas ra\u00edzes se aprofundam na terra, me conectando \u00e0 sabedoria ancestral e \u00e0 for\u00e7a da vida.<br>Minha presen\u00e7a \u00e9 constante, um farol de luz e estabilidade em um mundo em constante transforma\u00e7\u00e3o.<br>Eu abra\u00e7o a imperman\u00eancia da vida, sabendo que a mudan\u00e7a \u00e9 a \u00fanica constante.<br>Com flexibilidade e resili\u00eancia, me adapto \u00e0s novas circunst\u00e2ncias, permanecendo firme em meus valores.<br>Minha mente \u00e9 um ref\u00fagio de paz e serenidade, mesmo em meio \u00e0s tempestades da vida.<br>Confio na minha capacidade de superar desafios e obst\u00e1culos, permanecendo firme em meus prop\u00f3sitos.<br>Eu sou a chama eterna que arde com paix\u00e3o e convic\u00e7\u00e3o, iluminando o caminho para o futuro.<br>Minha presen\u00e7a \u00e9 uma b\u00ean\u00e7\u00e3o para aqueles que me rodeiam, oferecendo conforto e seguran\u00e7a.<br>Eu honro a jornada da vida, com seus altos e baixos, sabendo que tudo \u00e9 passageiro.<br>Com gratid\u00e3o, celebro cada momento presente, permanecendo conectado \u00e0 ess\u00eancia do meu ser.<br>Eu sou a for\u00e7a da perman\u00eancia, um pilar de for\u00e7a e resist\u00eancia em um mundo em constante mudan\u00e7a.<\/p>\n\n\n\n<p>Medita\u00e7\u00e3o para Perman\u00eancia:<br>Imagine uma \u00e1rvore robusta e frondosa, com ra\u00edzes profundas que se estendem pela terra.<br>Visualize a \u00e1rvore resistindo \u00e0s intemp\u00e9ries, permanecendo firme e forte mesmo com os ventos fortes e as chuvas torrenciais.<br>Sinta a for\u00e7a da \u00e1rvore dentro de voc\u00ea, enraizada em sua pr\u00f3pria ess\u00eancia.<br>Repita mentalmente as frases de afirma\u00e7\u00e3o para perman\u00eancia, conectando-se com a for\u00e7a interior e a capacidade de superar desafios.<br>Permane\u00e7a nesse estado de paz e serenidade por alguns minutos, absorvendo a for\u00e7a da \u00e1rvore e a sabedoria da natureza.<br>Ao retornar \u00e0 sua consci\u00eancia normal, leve consigo a sensa\u00e7\u00e3o de for\u00e7a e perman\u00eancia, sabendo que voc\u00ea \u00e9 capaz de enfrentar qualquer obst\u00e1culo que a vida apresentar.<br>Pratique essa medita\u00e7\u00e3o regularmente para fortalecer sua conex\u00e3o com a for\u00e7a interior e a capacidade de permanecer firme em seus prop\u00f3sitos.<\/p>\n\n\n<div class=\"wp-block-image\">\n<figure class=\"aligncenter size-large\"><a href=\"https:\/\/luzemhisterio.com\/blog\/wp-content\/uploads\/2024\/04\/touro3.jpg\"><img loading=\"lazy\" decoding=\"async\" width=\"521\" height=\"1024\" src=\"https:\/\/luzemhisterio.com\/blog\/wp-content\/uploads\/2024\/04\/touro3-521x1024.jpg\" alt=\"\" class=\"wp-image-2489\" srcset=\"https:\/\/luzemhisterio.com\/blog\/wp-content\/uploads\/2024\/04\/touro3-521x1024.jpg 521w, https:\/\/luzemhisterio.com\/blog\/wp-content\/uploads\/2024\/04\/touro3-153x300.jpg 153w, https:\/\/luzemhisterio.com\/blog\/wp-content\/uploads\/2024\/04\/touro3.jpg 564w\" sizes=\"auto, (max-width: 521px) 100vw, 521px\" \/><\/a><figcaption>Vibra\u00e7\u00e3o da Constela\u00e7\u00e3o de Touro<br> para Abril &#8211; 2024<\/figcaption><\/figure>\n<\/div>\n\n\n<p>TOURO<br>Per\u00edodo Solar:20 de Abril a 20 de Maio<br>Previs\u00e3o de conscientiza\u00e7\u00e3o para Abril:<br>Voc\u00ea vibra: O Cora\u00e7\u00e3o &#8211; Chakra Card\u00edaco<br>Este \u00e9 o m\u00eas do amor para voc\u00ea, as escolhas devem ser feitas com o cora\u00e7\u00e3o, para que voc\u00ea encontre a felicidade interior.Fique junto aos que ama para fortalecer os la\u00e7os.<br>Amor: Decis\u00f5es importantes devem ser tomada para que encontre equil\u00edbrio em sua vida afetiva.<br>Trabalho: N\u00e3o fa\u00e7a investimentos de alto risco, procure poupar.<br>Sa\u00fade: Preste aten\u00e7\u00e3o as quest\u00f5es emocionais, n\u00e3o vivencie a indecis\u00e3o, fa\u00e7a escolhas.<br>Espiritual: Bom momento para se entregar e sentir-se acolhido por for\u00e7as e energias c\u00f3smicas.<\/p>\n\n\n<div class=\"wp-block-image\">\n<figure class=\"aligncenter size-full\"><a href=\"https:\/\/luzemhisterio.com\/blog\/wp-content\/uploads\/2024\/04\/coracao3.jpg\"><img loading=\"lazy\" decoding=\"async\" width=\"564\" height=\"738\" src=\"https:\/\/luzemhisterio.com\/blog\/wp-content\/uploads\/2024\/04\/coracao3.jpg\" alt=\"\" class=\"wp-image-2498\" srcset=\"https:\/\/luzemhisterio.com\/blog\/wp-content\/uploads\/2024\/04\/coracao3.jpg 564w, https:\/\/luzemhisterio.com\/blog\/wp-content\/uploads\/2024\/04\/coracao3-229x300.jpg 229w\" sizes=\"auto, (max-width: 564px) 100vw, 564px\" \/><\/a><figcaption>Coisas do Cora\u00e7\u00e3o&#8230;<\/figcaption><\/figure>\n<\/div>\n\n\n<p>Vamos falar um pouco dos segredos do cora\u00e7\u00e3o:<\/p>\n\n\n\n<p>O Chakra Card\u00edaco: A Porta de Entrada para o Amor e a Compaix\u00e3o<br>Localizado no centro do peito, o chakra card\u00edaco, tamb\u00e9m conhecido como Anahata, \u00e9 um centro de energia vital que irradia amor, compaix\u00e3o, empatia e perd\u00e3o. Quando este chakra est\u00e1 em equil\u00edbrio, somos capazes de experimentar e compartilhar essas qualidades com os outros, construindo relacionamentos saud\u00e1veis e aut\u00eanticos.<\/p>\n\n\n\n<p>Caracter\u00edsticas do chakra card\u00edaco em equil\u00edbrio:<br>Amor incondicional: Sentimento de amor profundo e abrangente por si mesmo e pelos outros, sem julgamentos ou expectativas.<br>Compaix\u00e3o: A capacidade de sentir a dor e o sofrimento do outro, com o desejo de aliviar e ajudar.<br>Empatia: A capacidade de se colocar no lugar do outro, compreendendo seus sentimentos e perspectivas.<br>Perd\u00e3o: A capacidade de liberar ressentimentos e m\u00e1goas do passado, abrindo espa\u00e7o para a cura e o amor.<br>Generosidade: A vontade de compartilhar seus recursos e talentos com os outros, sem esperar nada em troca.<br>Alegria: Sentimento de felicidade genu\u00edna e contentamento com a vida.<br>Paz interior: Sensa\u00e7\u00e3o de serenidade e tranquilidade, mesmo em meio \u00e0s dificuldades.<br>Confian\u00e7a: F\u00e9 em si mesmo e na capacidade de amar e ser amado.<\/p>\n\n\n\n<p>Desequil\u00edbrio no chakra card\u00edaco:<br>Quando o chakra card\u00edaco est\u00e1 desequilibrado, podemos experimentar sentimentos como:<br>Raiva: Irritabilidade, ressentimento e explos\u00f5es de f\u00faria.<br>Rancor: Dificuldade em perdoar os outros e a si mesmo.<br>Ci\u00fame: Inveja e possessividade em rela\u00e7\u00e3o aos outros.<br>Isolamento: Desejo de se afastar das pessoas e se fechar em si mesmo.<br>Solid\u00e3o: Sensa\u00e7\u00e3o de vazio e falta de conex\u00e3o com os outros.<br>Depress\u00e3o: Tristeza profunda e perda de interesse pela vida.<\/p>\n\n\n\n<p>Como equilibrar o chakra card\u00edaco:<br>Medita\u00e7\u00e3o: Praticar medita\u00e7\u00e3o com foco no chakra card\u00edaco, visualizando uma luz verde vibrante no centro do peito.<br>Afirma\u00e7\u00f5es positivas: Repetir frases que evocam amor, compaix\u00e3o e perd\u00e3o, como &#8220;Eu amo e sou amado&#8221;.<br>Yoga: Praticar posturas que abrem o peito e o cora\u00e7\u00e3o, como a pose do gato-vaca e a pose da cobra.<br>Gratid\u00e3o: Praticar a gratid\u00e3o pelas pessoas e coisas boas em sua vida.<br>Gentileza: Demonstrar gentileza e compaix\u00e3o para com os outros, atrav\u00e9s de palavras e a\u00e7\u00f5es.<br>Perd\u00e3o: Liberar ressentimentos e m\u00e1goas do passado, atrav\u00e9s de um processo de autocompaix\u00e3o e compreens\u00e3o.<br>Contato com a natureza: Passar tempo em contato com a natureza, que possui uma energia curativa e purificadora.<br>Cantar mantras: Cantar mantras que evocam o amor e a compaix\u00e3o, como &#8220;Om Mani Padme Hum&#8221;.<br>O chakra card\u00edaco \u00e9 a porta de entrada para um mundo de amor, compaix\u00e3o e paz interior. Ao cuidarmos deste centro de energia vital, podemos cultivar relacionamentos mais saud\u00e1veis, experimentar uma felicidade mais profunda e contribuir para um mundo mais am\u00e1vel e compassivo.<\/p>\n\n\n\n<p>Algumas frases inspiradoras sobre o chakra card\u00edaco:<br>&#8220;O amor \u00e9 a for\u00e7a mais poderosa do universo.&#8221; &#8211; Mahatma Gandhi<br>&#8220;A compaix\u00e3o \u00e9 a chave para a felicidade.&#8221; &#8211; Dalai Lama<br>&#8220;O perd\u00e3o \u00e9 a liberta\u00e7\u00e3o do passado.&#8221; &#8211; Nelson Mandela<br>&#8220;A paz interior come\u00e7a com um cora\u00e7\u00e3o amoroso.&#8221; &#8211; Thich Nhat Hanh<\/p>\n\n\n\n<p>A Emo\u00e7\u00e3o do Cora\u00e7\u00e3o: Uma Jornada Atrav\u00e9s dos Sentimentos<br>O cora\u00e7\u00e3o, frequentemente considerado a sede das emo\u00e7\u00f5es, pulsa em ritmo com a nossa experi\u00eancia sentimental. Mais do que um \u00f3rg\u00e3o vital, o cora\u00e7\u00e3o \u00e9 um centro de sensa\u00e7\u00f5es complexas e variadas que moldam a nossa vida e nos conectam ao mundo ao nosso redor.<br>A linguagem do cora\u00e7\u00e3o:<br>Batimentos acelerados: Sinal de excita\u00e7\u00e3o, paix\u00e3o ou medo.<br>Aperto no peito: Sensa\u00e7\u00e3o de tristeza, ang\u00fastia ou saudade.<br>Leveza e alegria: Sentimento de felicidade, contentamento e paz interior.<br>Emo\u00e7\u00f5es como b\u00fassola:<br>Raiva: Sinal de injusti\u00e7a, frustra\u00e7\u00e3o ou necessidade de assertividade.<br>Tristeza: Perda, luto ou necessidade de introspec\u00e7\u00e3o e cura.<br>Medo: Perigo, inseguran\u00e7a ou necessidade de prote\u00e7\u00e3o e autocuidado.<br>Alegria: Felicidade, realiza\u00e7\u00e3o ou gratid\u00e3o pelas coisas boas da vida.<br>Amor: Conex\u00e3o profunda, afeto e cuidado por outra pessoa.<br>.<br>Intelig\u00eancia emocional: a chave para o bem-estar:<br>Autoconhecimento: Compreender as pr\u00f3prias emo\u00e7\u00f5es e seus gatilhos.<br>Gerenciamento emocional: Regular as emo\u00e7\u00f5es de forma saud\u00e1vel.<br>Empatia: Perceber e compreender as emo\u00e7\u00f5es dos outros.<br>Comunica\u00e7\u00e3o assertiva: Expressar as pr\u00f3prias necessidades e sentimentos de forma clara e respeitosa.<br>Cultivando um cora\u00e7\u00e3o resiliente:<br>Praticar a gratid\u00e3o: Apreciar as coisas boas da vida, grandes e pequenas.<br>Desenvolver a compaix\u00e3o: Ser gentil e compreensivo consigo mesmo e com os outros.<br>Cuidar da sa\u00fade f\u00edsica e mental: Alimenta\u00e7\u00e3o saud\u00e1vel, exerc\u00edcios f\u00edsicos, sono reparador e medita\u00e7\u00e3o.<br>Construir relacionamentos saud\u00e1veis: Cercar-se de pessoas que te apoiam e te fazem bem.<br>O cora\u00e7\u00e3o \u00e9 um guia, um mapa e um farol que nos acompanha em nossa jornada. Ao aprendermos a decifrar sua linguagem e cuidar de suas necessidades, podemos navegar pelas emo\u00e7\u00f5es com sabedoria, construir relacionamentos mais saud\u00e1veis e alcan\u00e7ar um bem-estar mais profundo.<br>Lembre-se: O cora\u00e7\u00e3o \u00e9 um m\u00fasculo que se fortalece com o uso. Permita-se sentir, explore suas emo\u00e7\u00f5es e cultive um cora\u00e7\u00e3o resiliente e cheio de amor.<\/p>\n\n\n\n<p>Algumas frases inspiradoras sobre a emo\u00e7\u00e3o do cora\u00e7\u00e3o:<br>&#8220;O cora\u00e7\u00e3o tem raz\u00f5es que a raz\u00e3o desconhece.&#8221; &#8211; Blaise Pascal<br>&#8220;A felicidade \u00e9 o estado natural do cora\u00e7\u00e3o.&#8221; &#8211; Maharishi Mahesh Yogi<br>&#8220;O amor \u00e9 a for\u00e7a mais poderosa do universo.&#8221; &#8211; Mahatma Gandhi<br>&#8220;A compaix\u00e3o \u00e9 a chave para a felicidade.&#8221; &#8211; Dalai Lama<\/p>\n\n\n\n<p>Frases de Afirma\u00e7\u00e3o para nosso Amado Cora\u00e7\u00e3o:&#8221;<\/p>\n\n\n\n<p>Eu cuido do meu cora\u00e7\u00e3o com carinho e aten\u00e7\u00e3o, nutrindo-o com amor e positividade.<br>Eu sou grato pelo meu cora\u00e7\u00e3o, que me permite sentir e expressar emo\u00e7\u00f5es profundas.<br>Meu cora\u00e7\u00e3o est\u00e1 conectado ao cora\u00e7\u00e3o de todos os seres, formando uma rede de amor e uni\u00e3o.<br>Eu envio amor e cura para todos os seres, desejando felicidade e paz para todos.<br>Com cada batida, meu cora\u00e7\u00e3o pulsa amor e vida, energizando meu corpo e minha alma.<br>Eu confio na for\u00e7a do meu cora\u00e7\u00e3o para me guiar na jornada da vida.<br>Meu cora\u00e7\u00e3o \u00e9 um lar de amor, onde todos s\u00e3o bem-vindos e acolhidos.<br>Eu abro meu cora\u00e7\u00e3o para a beleza do mundo, apreciando cada momento com gratid\u00e3o.<br>Que meu cora\u00e7\u00e3o seja um farol de luz para iluminar o caminho de todos.<br>Lembre-se: O cora\u00e7\u00e3o \u00e9 mais do que um \u00f3rg\u00e3o vital. \u00c9 o centro do seu ser, onde residem suas emo\u00e7\u00f5es, intui\u00e7\u00e3o e sabedoria. Ao cuidar do seu cora\u00e7\u00e3o e cultivar sentimentos positivos, voc\u00ea estar\u00e1 construindo uma vida mais feliz e significativa.<br>Aqui est\u00e3o algumas dicas para fortalecer seu cora\u00e7\u00e3o:<br>Pratique exerc\u00edcios f\u00edsicos regularmente.<br>Tenha uma alimenta\u00e7\u00e3o saud\u00e1vel.<br>Durma o suficiente.<br>Gerencie o estresse de forma eficaz.<br>Cultive relacionamentos saud\u00e1veis.<br>Fa\u00e7a coisas que te tragam alegria.<br>Medite e pratique yoga.<br>Passe tempo na natureza.<br>Seja grato pelas coisas boas da sua vida.<\/p>\n\n\n\n<p>Livros:<br>-Os Sete Centros de Energia &#8211; por Elizabeth Clare Prophet (Autor) &#8211; Editora:Nova Era -Idioma: \u200e Portugu\u00eas &#8211; Capa comum:210 p\u00e1ginas &#8211; ISBN-10:8577012069 &#8211; ISBN-13:978-8577012060<\/p>\n\n\n\n<p>O Despertar do Cora\u00e7\u00e3o: A Jornada do Chakra Card\u00edaco &#8211; por Weslley Vieira da Silva (Autor)<br>ASIN:B0CDM69TVG &#8211; s\u00f3 achei em e book<\/p>\n\n\n\n<p><\/p>\n\n\n<div class=\"wp-block-image\">\n<figure class=\"aligncenter size-large\"><a href=\"https:\/\/luzemhisterio.com\/blog\/wp-content\/uploads\/2024\/04\/gemeos2.jpg\"><img loading=\"lazy\" decoding=\"async\" width=\"521\" height=\"1024\" src=\"https:\/\/luzemhisterio.com\/blog\/wp-content\/uploads\/2024\/04\/gemeos2-521x1024.jpg\" alt=\"\" class=\"wp-image-2495\" srcset=\"https:\/\/luzemhisterio.com\/blog\/wp-content\/uploads\/2024\/04\/gemeos2-521x1024.jpg 521w, https:\/\/luzemhisterio.com\/blog\/wp-content\/uploads\/2024\/04\/gemeos2-153x300.jpg 153w, https:\/\/luzemhisterio.com\/blog\/wp-content\/uploads\/2024\/04\/gemeos2.jpg 564w\" sizes=\"auto, (max-width: 521px) 100vw, 521px\" \/><\/a><figcaption>Vibra\u00e7\u00e3o da Constela\u00e7\u00e3o de G\u00eameos<br> para Abril &#8211; 2024<\/figcaption><\/figure>\n<\/div>\n\n\n<p>G\u00caMEOS<br>Per\u00edodo Solar: 21 de Maio a 20 de junho<br>Previs\u00e3o de conscientiza\u00e7\u00e3o para Abril:<br>Voc\u00ea vibra: Sabedoria<br>O m\u00eas de Abril chama voc\u00ea para uma Jornada de Compreens\u00e3o Profunda<br>Sabedoria n\u00e3o se resume \u00e0 mera acumula\u00e7\u00e3o de conhecimento. \u00c9 um estado de ser que se manifesta<br>atrav\u00e9s da compreens\u00e3o profunda da vida, do mundo e de si mesmo. \u00c9 a capacidade de discernir o essencial do superficial, de agir com discernimento e compaix\u00e3o, e de navegar pelas complexidades da vida com serenidade e equanimidade.<br>Trabalho: Desempenhe seu trabalho com serenidade e d\u00ea o melhor de si.Pessoas com mais influ\u00eancia que voc\u00ea um especialista. est\u00e3o observando e v\u00e3o apoiar sua ascens\u00e3o. Momento de poupar.<br>Sa\u00fade: Um pouco fr\u00e1gil, cuide de sua coluna vertebral; se necess\u00e1rio busque um especialista.<br>Amor: Aproveite esse momento para ouvir sua voz interior, consolide suas rela\u00e7\u00f5es.<br>Espiritual: Pratique o autoconhecimento e conecte-se com energias superiores.<\/p>\n\n\n<div class=\"wp-block-image\">\n<figure class=\"aligncenter size-full\"><a href=\"https:\/\/luzemhisterio.com\/blog\/wp-content\/uploads\/2024\/04\/sabedoria2.jpg\"><img loading=\"lazy\" decoding=\"async\" width=\"450\" height=\"800\" src=\"https:\/\/luzemhisterio.com\/blog\/wp-content\/uploads\/2024\/04\/sabedoria2.jpg\" alt=\"\" class=\"wp-image-2500\" srcset=\"https:\/\/luzemhisterio.com\/blog\/wp-content\/uploads\/2024\/04\/sabedoria2.jpg 450w, https:\/\/luzemhisterio.com\/blog\/wp-content\/uploads\/2024\/04\/sabedoria2-169x300.jpg 169w\" sizes=\"auto, (max-width: 450px) 100vw, 450px\" \/><\/a><figcaption>Sabedoria<\/figcaption><\/figure>\n<\/div>\n\n\n<p>Vamos falar um pouco sobre sabedoria:<\/p>\n\n\n\n<p>A jornada da sabedoria \u00e9 um caminho de:<br>Autoconhecimento: Compreender as pr\u00f3prias emo\u00e7\u00f5es, pensamentos e motiva\u00e7\u00f5es \u00e9 o ponto de partida para a sabedoria.<br>Humildade: Reconhecer a vastid\u00e3o do conhecimento e a limita\u00e7\u00e3o do saber humano \u00e9 essencial para se manter aberto ao aprendizado.<br>Empatia: Desenvolver a capacidade de se colocar no lugar do outro e compreender suas perspectivas \u00e9 fundamental para construir relacionamentos saud\u00e1veis e harmoniosos.<br>Compaix\u00e3o: Agir com gentileza e benevol\u00eancia para com todos os seres, sem julgamentos ou condena\u00e7\u00f5es, \u00e9 uma das maiores express\u00f5es da sabedoria.<br>Equil\u00edbrio: Encontrar o meio termo entre os extremos, buscando a modera\u00e7\u00e3o em todas as \u00e1reas da vida, \u00e9 essencial para alcan\u00e7ar a paz interior.<br>Discernimento: Saber discernir o certo do errado, o verdadeiro do falso, e o essencial do superficial \u00e9 fundamental para tomar decis\u00f5es s\u00e1bias.<br>Resili\u00eancia: Superar as dificuldades com for\u00e7a e flexibilidade, aprendendo com os erros e desafios, \u00e9 uma caracter\u00edstica essencial da sabedoria.<br>Gratid\u00e3o: Apreciar as coisas boas da vida, grandes e pequenas, cultivando um sentimento de gratid\u00e3o, contribui para uma vida mais feliz e plena.<br>Presen\u00e7a: Viver o momento presente com aten\u00e7\u00e3o plena, sem se apegar ao passado ou se preocupar com o futuro, \u00e9 essencial para alcan\u00e7ar a paz interior.<br>A sabedoria n\u00e3o \u00e9 um destino, mas sim uma jornada cont\u00ednua. \u00c9 um processo de aprendizado constante que se estende por toda a vida. Atrav\u00e9s da busca incessante pelo conhecimento, do desenvolvimento do autoconhecimento e da pr\u00e1tica da compaix\u00e3o, podemos trilhar o caminho da sabedoria e alcan\u00e7ar uma vida mais rica, significativa e plena.<br>Lembre-se: A sabedoria est\u00e1 dispon\u00edvel para todos que a buscam com sinceridade e dedica\u00e7\u00e3o. N\u00e3o importa sua idade, origem ou background, voc\u00ea pode iniciar a sua jornada em busca da sabedoria neste exato momento.<\/p>\n\n\n\n<p>Algumas dicas para cultivar a sabedoria:<br>Pratique a medita\u00e7\u00e3o: A medita\u00e7\u00e3o ajuda a acalmar a mente, desenvolver a concentra\u00e7\u00e3o e cultivar a autocompaix\u00e3o.<br>Leia livros e artigos sobre filosofia, religi\u00e3o e espiritualidade: O estudo de diferentes culturas e tradi\u00e7\u00f5es pode ampliar sua vis\u00e3o de mundo e ajud\u00e1-lo a encontrar novas perspectivas.<br>Converse com pessoas s\u00e1bias e experientes: Aprenda com a experi\u00eancia de vida de outras pessoas e busque seus conselhos.<br>Fa\u00e7a boas a\u00e7\u00f5es: Ajudar o pr\u00f3ximo \u00e9 uma das melhores maneiras de desenvolver a compaix\u00e3o e a sabedoria.<br>Observe o mundo ao seu redor: Preste aten\u00e7\u00e3o aos detalhes e busque aprender com as pequenas coisas da vida.<br>Pratique o sil\u00eancio: O sil\u00eancio permite que voc\u00ea se conecte com sua intui\u00e7\u00e3o e encontre paz interior.Comece hoje mesmo a sua jornada em busca da sabedoria.<\/p>\n\n\n\n<p>Frases Afirmativas sobre Sabedoria:<br>Eu sou um ser s\u00e1bio e capaz de tomar decis\u00f5es conscientes.<br>A sabedoria flui naturalmente em meu cora\u00e7\u00e3o e mente.<br>Aprendo com minhas experi\u00eancias e me torno cada vez mais s\u00e1bio.<br>Escuto minha intui\u00e7\u00e3o e sigo seus s\u00e1bios conselhos.<br>Conecto-me com a fonte infinita de sabedoria que existe dentro de mim.<br>Abro meu cora\u00e7\u00e3o e minha mente para novos conhecimentos e perspectivas.<br>Compartilho minha sabedoria com o mundo e ajudo os outros a crescerem.<br>Utilizo minha sabedoria para fazer a diferen\u00e7a no mundo.<\/p>\n\n\n\n<p>Cultivando a Serenidade e o Discernimento:<br>Mantenho a calma e a clareza mental em meio aos desafios.<br>Discerno com sabedoria entre o certo e o errado, o bom e o mau.<br>Vejo o mundo com uma vis\u00e3o ampla e compreensiva.<br>Aceito as diferentes perspectivas e aprendo com elas.<br>Mantenho um estado mental positivo e equilibrado.<br>Confio em minha sabedoria interior para me guiar em meu caminho.<br>Tomo decis\u00f5es com sabedoria e compaix\u00e3o.<br>Utilizo minha sabedoria para construir uma vida mais significativa.<\/p>\n\n\n\n<p>Encontrando Prop\u00f3sito e Alegria na Jornada:<br>Minha vida \u00e9 guiada por um senso de prop\u00f3sito e significado.<br>Encontro alegria em aprender e crescer como pessoa.<br>Agrade\u00e7o pelas oportunidades de aprendizado que a vida me oferece.<br>Celebro cada conquista, grande ou pequena, em minha jornada.<br>Vivo o presente com aten\u00e7\u00e3o plena e gratid\u00e3o.<br>Compartilho minha alegria e sabedoria com os outros.<br>Utilizo minha sabedoria para fazer do mundo um lugar melhor.<\/p>\n\n\n\n<p>Algumas frases inspiradoras para te motivar:<br><\/p>\n\n\n\n<p>&#8220;O homem comum fala, o s\u00e1bio escuta, o tolo discute.&#8221;Sabedoria oriental<br>&#8220;A d\u00favida \u00e9 o princ\u00edpio da sabedoria.&#8221;Arist\u00f3teles<br>&#8220;O saber a gente aprende com os mestres e os livros. A sabedoria se aprende \u00e9 com a vida e com os humildes.&#8221;Cora Coralina<br>&#8220;N\u00e3o confunda jamais conhecimento com sabedoria. Um o ajuda a ganhar a vida; o outro, a construir uma vida.&#8221;Sandra Carey<br>Livros:<\/p>\n\n\n\n<p>A Arte da Sabedoria: Edi\u00e7\u00e3o com pref\u00e1cio de Cl\u00f3vis de Barros Filho -Graci\u00e1n, Baltasar (Author)<br>128 Pages &#8211; 03\/14\/2022 (Publication Date) &#8211; Camelot Editora (Publisher)<\/p>\n\n\n\n<p>O Livro de Salom\u00e3o: A sabedoria da contempla\u00e7\u00e3o &#8211; Autor: Leloup, Jean-Yves -Data de publica\u00e7\u00e3o: 27\/05\/2019 &#8211; Idioma: Portugu\u00eas -N\u00famero de p\u00e1ginas: 184 &#8211; Data de publica\u00e7\u00e3o: 27\/05\/2019<br>ASIN: 8532660282 &#8211; Editor: Editora Vozes<\/p>\n\n\n\n<p>As coisas que voc\u00ea s\u00f3 v\u00ea quando desacelera: Como manter a calma em um mundo fren\u00e9tico \u2013 Edi\u00e7\u00e3o padr\u00e3o, 27 setembro 2017 &#8211; Edi\u00e7\u00e3o Portugu\u00eas &#8211; por Haemin Sunim (Autor), Rafaella Lemos (Tradutor) &#8211; Capa dura:256 p\u00e1ginas &#8211; ISBN-10:8543105293 &#8211; ISBN-13:978-8543105291<\/p>\n\n\n<div class=\"wp-block-image\">\n<figure class=\"aligncenter size-large\"><a href=\"https:\/\/luzemhisterio.com\/blog\/wp-content\/uploads\/2024\/04\/cancer.jpg\"><img loading=\"lazy\" decoding=\"async\" width=\"586\" height=\"1024\" src=\"https:\/\/luzemhisterio.com\/blog\/wp-content\/uploads\/2024\/04\/cancer-586x1024.jpg\" alt=\"\" class=\"wp-image-2502\" srcset=\"https:\/\/luzemhisterio.com\/blog\/wp-content\/uploads\/2024\/04\/cancer-586x1024.jpg 586w, https:\/\/luzemhisterio.com\/blog\/wp-content\/uploads\/2024\/04\/cancer-172x300.jpg 172w, https:\/\/luzemhisterio.com\/blog\/wp-content\/uploads\/2024\/04\/cancer.jpg 736w\" sizes=\"auto, (max-width: 586px) 100vw, 586px\" \/><\/a><figcaption>Vibra\u00e7\u00e3o da Constela\u00e7\u00e3o de C\u00e2ncer<br> para Abril &#8211; 2024<\/figcaption><\/figure>\n<\/div>\n\n\n<p>C\u00c2NCER<br>Per\u00edodo Solar: 21 de Junho a 22 de Julho.<br>Previs\u00e3o de conscientiza\u00e7\u00e3o para Abril<br>Voc\u00ea vibra: Vit\u00f3ria<br>Neste m\u00eas, Celebre suas Conquistas e o seu Crescimento<br>Pessoal.Vit\u00f3ria \u00e9 um conceito multifacetado que transcende o mero sucesso em uma competi\u00e7\u00e3o ou desafio. \u00c9 a culmina\u00e7\u00e3o de um esfor\u00e7o \u00e1rduo, a supera\u00e7\u00e3o de obst\u00e1culos e a conquista de um objetivo significativo. \u00c9 um momento de j\u00fabilo e celebra\u00e7\u00e3o, mas tamb\u00e9m de reflex\u00e3o e aprendizado.<br>Trabalho: Vit\u00f3rias e recompensas muito significativas pelo seu empenho(recompensas).<br>Sa\u00fade:a qualidade de vida corporal est\u00e1 bem, Em equil\u00edbrio e harmonia.<br>Espiritual:A prote\u00e7\u00e3o divina para vencer as dificuldades est\u00e1 a seu dispor.<br>Amor: Equil\u00edbrio e felicidade.<\/p>\n\n\n<div class=\"wp-block-image\">\n<figure class=\"aligncenter size-full\"><a href=\"https:\/\/luzemhisterio.com\/blog\/wp-content\/uploads\/2024\/04\/vitoria.jpg\"><img loading=\"lazy\" decoding=\"async\" width=\"563\" height=\"748\" src=\"https:\/\/luzemhisterio.com\/blog\/wp-content\/uploads\/2024\/04\/vitoria.jpg\" alt=\"\" class=\"wp-image-2505\" srcset=\"https:\/\/luzemhisterio.com\/blog\/wp-content\/uploads\/2024\/04\/vitoria.jpg 563w, https:\/\/luzemhisterio.com\/blog\/wp-content\/uploads\/2024\/04\/vitoria-226x300.jpg 226w\" sizes=\"auto, (max-width: 563px) 100vw, 563px\" \/><\/a><figcaption>Celebrando a Vit\u00f3ria<\/figcaption><\/figure>\n<\/div>\n\n\n<p class=\"has-text-align-center\"><strong>Vit\u00f3ria: Uma Celebra\u00e7\u00e3o da Conquista e do Crescimento<\/strong><br>Vit\u00f3ria \u00e9 um conceito multifacetado que transcende o mero sucesso em uma competi\u00e7\u00e3o ou desafio. \u00c9 a culmina\u00e7\u00e3o de um esfor\u00e7o \u00e1rduo, a supera\u00e7\u00e3o de obst\u00e1culos e a conquista de um objetivo significativo. \u00c9 um momento de j\u00fabilo e celebra\u00e7\u00e3o, mas tamb\u00e9m de reflex\u00e3o e aprendizado.<\/p>\n\n\n\n<p>Na ess\u00eancia, a vit\u00f3ria representa:<br>Realiza\u00e7\u00e3o: A concretiza\u00e7\u00e3o de um sonho, um projeto ou uma meta que se perseguiu com determina\u00e7\u00e3o.<br>Supera\u00e7\u00e3o: A capacidade de superar obst\u00e1culos, desafios e adversidades que se interpuseram no caminho.<br>Crescimento: A oportunidade de aprender com os erros e acertos, evoluindo como pessoa e aprimorando suas habilidades.<br>Resili\u00eancia: A for\u00e7a para se levantar ap\u00f3s as quedas e persistir mesmo diante das dificuldades.<br>Autoconfian\u00e7a: A convic\u00e7\u00e3o em suas habilidades e na sua capacidade de alcan\u00e7ar seus objetivos.<br>Gratid\u00e3o: O reconhecimento do apoio e da ajuda que recebeu durante a jornada.<\/p>\n\n\n\n<p>A vit\u00f3ria pode se manifestar de diversas formas:<br>No \u00e2mbito pessoal: A conquista de um diploma, a supera\u00e7\u00e3o de um v\u00edcio, a realiza\u00e7\u00e3o de um sonho antigo.<br>No \u00e2mbito profissional: A promo\u00e7\u00e3o no trabalho, o sucesso de um projeto, o reconhecimento por seus m\u00e9ritos.<br>No \u00e2mbito social: A luta por justi\u00e7a social, a conquista de direitos iguais, a mudan\u00e7a de um paradigma.<br>Independentemente da forma como se apresenta, a vit\u00f3ria \u00e9 um momento \u00fanico e especial que deve ser celebrado com alegria e gratid\u00e3o.<br>Lembre-se: A vit\u00f3ria n\u00e3o \u00e9 apenas o resultado final, mas sim a jornada percorrida. \u00c9 a soma de cada passo dado, cada obst\u00e1culo superado, cada aprendizado adquirido. \u00c9 a oportunidade de crescer, evoluir e se tornar a melhor vers\u00e3o de si mesmo.<\/p>\n\n\n\n<p>Para celebrar a sua vit\u00f3ria:<br>Compartilhe sua alegria com as pessoas que te apoiaram.<br>Reflita sobre os desafios que voc\u00ea superou e as li\u00e7\u00f5es que voc\u00ea aprendeu.<br>Agrade\u00e7a a todos que te ajudaram ao longo da jornada.<br>Use sua vit\u00f3ria como inspira\u00e7\u00e3o para alcan\u00e7ar novos objetivos.<br>Inspire outras pessoas a perseguirem seus sonhos e conquistarem suas vit\u00f3rias.<br>A vit\u00f3ria \u00e9 um estado de esp\u00edrito que pode ser cultivado com persist\u00eancia, resili\u00eancia e gratid\u00e3o. Acredite em si mesmo, persevere em seus objetivos e celebre cada conquista, por menor que seja.<br>Comece hoje mesmo a trilhar o seu caminho em dire\u00e7\u00e3o \u00e0 vit\u00f3ria!<\/p>\n\n\n\n<p>Aqui est\u00e3o algumas dicas para alcan\u00e7ar outras vit\u00f3rias:<br>Defina metas claras e realistas.<br>Crie um plano de a\u00e7\u00e3o e siga-o com disciplina.<br>Mantenha-se motivado e focado em seus objetivos.<br>Seja persistente e n\u00e3o desista diante dos obst\u00e1culos.<br>Aprenda com seus erros e continue evoluindo.<br>Acredite em si mesmo e em suas capacidades.<br>Cerque-se de pessoas positivas e que te apoiam.<br>Agrade\u00e7a pelas pequenas vit\u00f3rias do dia a dia.<br>Com dedica\u00e7\u00e3o e esfor\u00e7o, voc\u00ea alcan\u00e7ar\u00e1 seus objetivos e celebrar\u00e1 a sua vit\u00f3ria!<br>Lembre-se: A vit\u00f3ria n\u00e3o \u00e9 um destino, mas sim uma jornada. Desfrute de cada passo do caminho!<\/p>\n\n\n\n<p>Frases de Afirma\u00e7\u00e3o sobre Vit\u00f3ria:<\/p>\n\n\n\n<p>Acendendo a Chama da Vit\u00f3ria em Seu Cora\u00e7\u00e3o:<br>Eu sou um vencedor e conquisto meus objetivos com determina\u00e7\u00e3o.<br>A vit\u00f3ria \u00e9 um estado de esp\u00edrito que eu cultivo em meu ser.<br>Acredito em mim mesmo e no meu potencial ilimitado.<br>Supero meus desafios com for\u00e7a e resili\u00eancia.<br>Aprendo com meus erros e me levanto cada vez mais forte.<br>Persisto em meus sonhos at\u00e9 alcan\u00e7ar a vit\u00f3ria final.<br>Mantenho uma atitude positiva e otimista em todas as circunst\u00e2ncias.<br>Confio em minhas habilidades e capacidades.<br>Utilizo meus talentos para alcan\u00e7ar meus objetivos e contribuir com o mundo.<\/p>\n\n\n\n<p>Cultivando a Confian\u00e7a e a Autoestima:<br>Sou capaz de realizar grandes feitos, mesmo que pare\u00e7am imposs\u00edveis.<br>Minha autoestima \u00e9 forte e inabal\u00e1vel.<br>Tenho f\u00e9 em mim mesmo e nas minhas decis\u00f5es.<br>Confio na minha intui\u00e7\u00e3o e me guio por ela.<br>Aceito meus desafios como oportunidades de aprendizado e crescimento.<br>Celebro minhas conquistas, grandes e pequenas.<br>Reconhe\u00e7o meu valor e minhas qualidades \u00fanicas.<br>Amo e respeito a mim mesmo incondicionalmente.<\/p>\n\n\n\n<p>Mantendo um Foco Inabal\u00e1vel:<br>Meus objetivos s\u00e3o claros e bem definidos.<br>Mantenho o foco em meus objetivos, mesmo diante das dificuldades.<br>Utilizo minha energia e recursos de forma eficiente.<br>Crio um plano de a\u00e7\u00e3o para alcan\u00e7ar meus objetivos.<br>Tomo medidas consistentes todos os dias em dire\u00e7\u00e3o \u00e0 vit\u00f3ria.<br>Adapto-me \u00e0s mudan\u00e7as e aos desafios com flexibilidade.<br>Mantenho uma atitude positiva e perseverante.<br>Visualizo meus objetivos j\u00e1 realizados e sinto a alegria da vit\u00f3ria.<\/p>\n\n\n\n<p>Lembre-se: A vit\u00f3ria pessoal \u00e9 um processo cont\u00ednuo que exige dedica\u00e7\u00e3o, esfor\u00e7o e persist\u00eancia. Abrace os desafios, aprenda com eles e continue evoluindo como pessoa. A vit\u00f3ria te espera do outro lado da jornada.<\/p>\n\n\n\n<p>Algumas dicas para usar as frases de afirma\u00e7\u00e3o sobre vit\u00f3ria pessoal:<br>Escolha as frases que mais ressoam com voc\u00ea.<br>Repita as frases em voz alta ou em sil\u00eancio, v\u00e1rias vezes ao dia.<br>Visualize as mudan\u00e7as positivas que deseja em sua vida.<br>Acredite em si mesmo e no seu potencial.<br>Seja paciente e persistente.<br>Com a pr\u00e1tica regular, as frases de afirma\u00e7\u00e3o sobre vit\u00f3ria pessoal podem te ajudar a superar desafios, alcan\u00e7ar seus objetivos e viver uma vida mais feliz e realizada.<br>Desejo a voc\u00ea uma jornada de vit\u00f3ria plena e transformadora!<\/p>\n\n\n\n<p>Algumas frases inspiradoras para te motivar:<br><\/p>\n\n\n\n<p>&#8220;H\u00e1 vit\u00f3rias que exaltam, outras que corrompem; derrotas que matam, outras que despertam.&#8221; Antoine de Saint-Exup\u00e9ry<br>&#8220;N\u00e3o confunda derrotas com fracasso nem vit\u00f3rias com sucesso. Na vida de um campe\u00e3o sempre haver\u00e1 algumas derrotas, assim como na vida de um perdedor sempre haver\u00e1 vit\u00f3rias. A diferen\u00e7a \u00e9 que, enquanto os campe\u00f5es crescem nas derrotas, os perdedores se acomodam nas vit\u00f3rias.&#8221;Roberto Shinyashiki<br>&#8220;\u00c9 muito melhor arriscar coisas grandiosas, alcan\u00e7ar triunfos e gl\u00f3rias, mesmo expondo-se a derrota, do que formar fila com os pobres de esp\u00edrito que nem gozam muito nem sofrem muito, porque vivem nessa penumbra cinzenta que n\u00e3o conhece vit\u00f3ria nem derrota.&#8221;Theodore Roosevelt<\/p>\n\n\n\n<p>Livros:<\/p>\n\n\n\n<p>Prop\u00f3sito: A coragem de ser quem somos &#8211; por Sri Prem Baba (Autor) &#8211; Editora:Sextante -1\u00aa edi\u00e7\u00e3o (13 abril 2022) &#8211; Capa comum:160 p\u00e1ginas &#8211; ISBN-10:6555643439 &#8211; ISBN-13:978-6555643435<\/p>\n\n\n\n<p>Desperte a Sua Vit\u00f3ria &#8211; por William Sanches- ISBN:9786550472078<\/p>\n\n\n\n<p>O pequeno livro da vida &#8211; por Kahlil Gibran (Autor), Sandra Martha Dolinsky (Tradutor)<br>ISBN-10:8546501777<\/p>\n\n\n\n<p><\/p>\n\n\n<div class=\"wp-block-image\">\n<figure class=\"aligncenter size-full is-resized\"><a href=\"https:\/\/luzemhisterio.com\/blog\/wp-content\/uploads\/2024\/04\/leao.jpg\"><img loading=\"lazy\" decoding=\"async\" src=\"https:\/\/luzemhisterio.com\/blog\/wp-content\/uploads\/2024\/04\/leao.jpg\" alt=\"\" class=\"wp-image-2512\" width=\"478\" height=\"940\" srcset=\"https:\/\/luzemhisterio.com\/blog\/wp-content\/uploads\/2024\/04\/leao.jpg 236w, https:\/\/luzemhisterio.com\/blog\/wp-content\/uploads\/2024\/04\/leao-153x300.jpg 153w\" sizes=\"auto, (max-width: 478px) 100vw, 478px\" \/><\/a><figcaption>Vibra\u00e7\u00e3o da Constela\u00e7\u00e3o de Le\u00e3o<br> para Abril &#8211; 2024<\/figcaption><\/figure>\n<\/div>\n\n\n<p>LE\u00c3O<br>Per\u00edodo Solar: 23 de Julho a 22 de Agosto<br>Previs\u00e3o de conscientiza\u00e7\u00e3o para Abril:<br>Voc\u00ea vibra: Mudan\u00e7a<br>As mudan\u00e7as na vida s\u00e3o inevit\u00e1veis. Elas podem ser pequenas e graduais, como a mudan\u00e7a de h\u00e1bitos, ou grandes e abruptas, como a perda de um emprego ou o fim de um relacionamento. Independentemente do seu tamanho ou impacto, todas as mudan\u00e7as representam uma oportunidade de crescimento e transforma\u00e7\u00e3o.<br>Trabalho: Aceite o novo. as Aproveite as novas perspectivas de progresso. As dificuldades financeiras logo ser\u00e3o superadas.<br>Sa\u00fade:Aten\u00e7\u00e3o para qualquer tipo de excesso recorrente.<br>Espiritual: Leia, busque novas perspectivas de buscar seu equil\u00edbrio interno.<br>Amor: Recicle-se, ame-se e ame ao outro com novidades e posturas in\u00e9ditas.<\/p>\n\n\n<div class=\"wp-block-image\">\n<figure class=\"aligncenter size-full is-resized\"><a href=\"https:\/\/luzemhisterio.com\/blog\/wp-content\/uploads\/2024\/04\/mudancas1.jpg\"><img loading=\"lazy\" decoding=\"async\" src=\"https:\/\/luzemhisterio.com\/blog\/wp-content\/uploads\/2024\/04\/mudancas1.jpg\" alt=\"\" class=\"wp-image-2513\" width=\"661\" height=\"831\" srcset=\"https:\/\/luzemhisterio.com\/blog\/wp-content\/uploads\/2024\/04\/mudancas1.jpg 563w, https:\/\/luzemhisterio.com\/blog\/wp-content\/uploads\/2024\/04\/mudancas1-239x300.jpg 239w\" sizes=\"auto, (max-width: 661px) 100vw, 661px\" \/><\/a><figcaption>Mudan\u00e7as Pessoais<\/figcaption><\/figure>\n<\/div>\n\n\n<p>Vamos refletir sobre mudan\u00e7as pessoais:<\/p>\n\n\n\n<p>Ao enfrentar uma mudan\u00e7a, podemos escolher:<br>Resistir: Agir com medo e negar a necessidade de mudan\u00e7a, o que pode levar \u00e0 frustra\u00e7\u00e3o e ao sofrimento.<br>Adaptar-se: Aceitar a mudan\u00e7a e buscar formas de se ajustar \u00e0 nova realidade, o que pode ser desafiador, mas tamb\u00e9m recompensador.<br>Abra\u00e7ar a mudan\u00e7a: Enxergar a mudan\u00e7a como uma oportunidade de crescimento e desenvolvimento pessoal, o que pode levar a uma vida mais rica e significativa.<\/p>\n\n\n\n<p>A jornada da mudan\u00e7a pode ser dividida em algumas etapas:<br>Reconhecimento: Perceber que a mudan\u00e7a \u00e9 necess\u00e1ria e identificar os motivos que a impulsionam.<br>Aceita\u00e7\u00e3o: Abrir m\u00e3o do que \u00e9 familiar e confort\u00e1vel e se preparar para o novo.<br>Explora\u00e7\u00e3o: Experimentar novas possibilidades e buscar formas de se adaptar \u00e0 mudan\u00e7a.<br>Integra\u00e7\u00e3o: Incorporar a mudan\u00e7a \u00e0 sua vida e seguir em frente com um novo senso de identidade e prop\u00f3sito.<br>Ao longo da jornada, \u00e9 importante:<br>Ser paciente: A mudan\u00e7a leva tempo e exige persist\u00eancia.<br>Ser flex\u00edvel: Adaptar-se \u00e0s novas circunst\u00e2ncias e estar aberto a diferentes possibilidades.<br>Ser positivo: Manter uma atitude positiva e esperan\u00e7osa, mesmo diante dos desafios.<br>Ser resiliente: Superar os obst\u00e1culos e aprender com os erros.<br>Ser grato: Agradecer pelas oportunidades de crescimento que a mudan\u00e7a proporciona.<br>As mudan\u00e7as na vida podem ser desafiadoras, mas tamb\u00e9m podem ser uma fonte de grande aprendizado e crescimento. Ao abra\u00e7ar a mudan\u00e7a com uma atitude positiva e resiliente, voc\u00ea pode transformar sua vida em uma jornada de constante evolu\u00e7\u00e3o e realiza\u00e7\u00e3o.<br>Lembre-se: A mudan\u00e7a \u00e9 a \u00fanica constante na vida. Abrace-a como uma oportunidade de se tornar a melhor vers\u00e3o de si mesmo.<\/p>\n\n\n\n<p>Aqui est\u00e3o algumas dicas para lidar com as mudan\u00e7as na vida:<br>Converse com algu\u00e9m de sua confian\u00e7a sobre seus sentimentos e preocupa\u00e7\u00f5es.<br>Busque apoio profissional se estiver com dificuldades para lidar com a mudan\u00e7a.<br>Crie um plano de a\u00e7\u00e3o para lidar com os desafios da mudan\u00e7a.<br>Concentre-se nos aspectos positivos da mudan\u00e7a.<br>Celebre cada conquista, por menor que seja.<br>Com dedica\u00e7\u00e3o e esfor\u00e7o, voc\u00ea pode superar os desafios da mudan\u00e7a e construir uma vida melhor para si mesmo.<\/p>\n\n\n\n<p>Algumas frases inspiradoras para te motivar:<\/p>\n\n\n\n<p>&#8220;N\u00e3o \u00e9 o mais forte que sobrevive, nem o mais inteligente, mas o que melhor se adapta \u00e0s mudan\u00e7as&#8221;.Leon C. Megginson<br>&#8220;Nada \u00e9 permanente, exceto a mudan\u00e7a.&#8221;Her\u00e1clito<br>&#8220;Intelig\u00eancia \u00e9 a capacidade de se adaptar \u00e0 mudan\u00e7a&#8221;.Stephen Hawking<br>&#8220;H\u00e1 um tempo em que \u00e9 preciso abandonar as roupas usadas, que j\u00e1 tem a forma do nosso corpo, e esquecer os nossos caminhos, que nos levam sempre aos mesmos lugares. \u00c9 o tempo da travessia: e, se n\u00e3o ousarmos faz\u00ea-la, teremos ficado, para sempre, \u00e0 margem de n\u00f3s mesmos.&#8221;Fernando Teixeira de Andrade<\/p>\n\n\n\n<p>Livros:<\/p>\n\n\n\n<p>Educa\u00e7\u00e3o e mudan\u00e7a &#8211; por Paulo Freire (Autor)-ISBN-10:8577534278<\/p>\n\n\n\n<p>Micro-h\u00e1bitos: As pequenas mudan\u00e7as que mudam tudo &#8211; por B.J. Fogg (Autor), Bruno Fiuza (Tradutor), Roberta Clapp (Tradutor) &#8211; ISBN-10:8595086885<\/p>\n\n\n\n<p>Mudan\u00e7a: como as grandes transforma\u00e7\u00f5es acontecem -por Damon Centola (Autor), Maria Ant\u00f4nia Kormann (Tradutor), Alessandra Kormann (Tradutor) -ISBN-10:6555395052<\/p>\n\n\n\n<p>O cora\u00e7\u00e3o da mudan\u00e7a: transformando empresas com a for\u00e7a das emo\u00e7\u00f5es -por John P. Kotter (Autor), Dan Cohen (Autor) &#8211; ISBN-10:8550800899<\/p>\n\n\n\n<p><\/p>\n\n\n<div class=\"wp-block-image\">\n<figure class=\"aligncenter size-full\"><a href=\"https:\/\/luzemhisterio.com\/blog\/wp-content\/uploads\/2024\/04\/virgem.jpg\"><img loading=\"lazy\" decoding=\"async\" width=\"564\" height=\"855\" src=\"https:\/\/luzemhisterio.com\/blog\/wp-content\/uploads\/2024\/04\/virgem.jpg\" alt=\"\" class=\"wp-image-2514\" srcset=\"https:\/\/luzemhisterio.com\/blog\/wp-content\/uploads\/2024\/04\/virgem.jpg 564w, https:\/\/luzemhisterio.com\/blog\/wp-content\/uploads\/2024\/04\/virgem-198x300.jpg 198w\" sizes=\"auto, (max-width: 564px) 100vw, 564px\" \/><\/a><figcaption>Vibra\u00e7\u00e3o da Constela\u00e7\u00e3o de Virgem<br> para Abril &#8211; 2024<\/figcaption><\/figure>\n<\/div>\n\n\n<p>VIRGEM<br>Per\u00edodo Solar:23 de Agosto a 22 de Setembro<br>Previs\u00e3o de conscientiza\u00e7\u00e3o para Abril:<br>Voc\u00ea vibra:Poder<br>M\u00eas para despertar sua for\u00e7a interior, momento para tomar as r\u00e9deas da pr\u00f3pria vida, moldando seu destino com autodetermina\u00e7\u00e3o, responsabilidade e consci\u00eancia. \u00c9 a for\u00e7a interior que nos permite superar desafios, alcan\u00e7ar objetivos e viver de acordo com nossos valores mais aut\u00eanticos.<br>Trabalho:Coloque tudo em ordem sem se irritar com detalhes.Se poss\u00edvel invista, poupe, aplique seu dinheiro com sabedoria.<br>Sa\u00fade: Aten\u00e7\u00e3o: com o intestino, estomago e estrutura \u00f3ssea.<br>Espiritual: Constru\u00e7\u00e3o e estrutura\u00e7\u00e3o pessoal, com a conex\u00e3o com seu poder interior.<br>Amor: Expresse seus sentimentos com delicadeza.Nada de ciumes.<\/p>\n\n\n<div class=\"wp-block-image\">\n<figure class=\"aligncenter size-full\"><a href=\"https:\/\/luzemhisterio.com\/blog\/wp-content\/uploads\/2024\/04\/poder2.jpg\"><img loading=\"lazy\" decoding=\"async\" width=\"563\" height=\"705\" src=\"https:\/\/luzemhisterio.com\/blog\/wp-content\/uploads\/2024\/04\/poder2.jpg\" alt=\"\" class=\"wp-image-2517\" srcset=\"https:\/\/luzemhisterio.com\/blog\/wp-content\/uploads\/2024\/04\/poder2.jpg 563w, https:\/\/luzemhisterio.com\/blog\/wp-content\/uploads\/2024\/04\/poder2-240x300.jpg 240w\" sizes=\"auto, (max-width: 563px) 100vw, 563px\" \/><\/a><figcaption>Poder Pessoal<\/figcaption><\/figure>\n<\/div>\n\n\n<p>Vamos refletir sobre poder pessoal:<\/p>\n\n\n\n<p>Ao desenvolver o poder pessoal, cultivamos:<br>Autoconhecimento: Aprofundando a compreens\u00e3o de quem somos, nossos valores, cren\u00e7as, necessidades e desejos.<br>Confian\u00e7a em si mesmo: Acreditando em nossas habilidades e capacidades para superar obst\u00e1culos e alcan\u00e7ar metas.<br>Autoestima: Reconhecendo nosso valor intr\u00ednseco e nutrindo um amor pr\u00f3prio saud\u00e1vel.<br>Assertividade: Expressando nossas necessidades e desejos de forma clara, respeitosa e eficaz.<br>Resili\u00eancia: Superando desafios e aprendendo com as experi\u00eancias, adaptando-se \u00e0s mudan\u00e7as com flexibilidade e for\u00e7a interior.<br>Proatividade: Tomando a iniciativa de agir em prol de nossos objetivos, assumindo a responsabilidade por nossas escolhas e a\u00e7\u00f5es.<br>Determina\u00e7\u00e3o: Persistindo em nossos objetivos mesmo diante de dificuldades, mantendo o foco e a motiva\u00e7\u00e3o.<br>Criatividade: Encontrando solu\u00e7\u00f5es inovadoras para os desafios da vida, explorando novas possibilidades e expressando nossa individualidade.<br>Intui\u00e7\u00e3o: Aprendendo a escutar nossa voz interior e tomar decis\u00f5es guiados por nossa sabedoria interna.<br>Gratid\u00e3o: Cultivando um sentimento de agradecimento pelas coisas boas da vida, reconhecendo as b\u00ean\u00e7\u00e3os e oportunidades presentes em nosso caminho.<br>O desenvolvimento do poder pessoal \u00e9 uma jornada cont\u00ednua que requer autoconhecimento, disciplina, persist\u00eancia e um compromisso com o crescimento pessoal. Atrav\u00e9s de pr\u00e1ticas como medita\u00e7\u00e3o, mindfulness, exerc\u00edcios f\u00edsicos, leitura, desenvolvimento de habilidades e autocuidado, podemos fortalecer nossa for\u00e7a interior e construir uma vida mais aut\u00eantica, significativa e empoderada.<br>Ao despertar o poder pessoal, nos tornamos agentes de transforma\u00e7\u00e3o em nossas vidas e no mundo ao nosso redor. Assumimos o controle de nosso destino, inspirando outras pessoas a fazerem o mesmo.<br>Lembre-se: O poder pessoal reside em cada um de n\u00f3s. Acredite em si mesmo, cultive suas habilidades e potencialize a for\u00e7a interior que te move em dire\u00e7\u00e3o \u00e0 realiza\u00e7\u00e3o de seus sonhos e aspira\u00e7\u00f5es.<\/p>\n\n\n\n<p>Algumas dicas para desenvolver o poder pessoal:<br>Pratique o autoconhecimento: Reflita sobre seus valores, cren\u00e7as, necessidades e desejos.<br>Cultive a autoconfian\u00e7a: Acredite em suas habilidades e capacidades.<br>Eleve sua autoestima: Reconhe\u00e7a seu valor intr\u00ednseco e nutra amor pr\u00f3prio.<br>Desenvolva a assertividade: Aprenda a se comunicar de forma clara, respeitosa e eficaz.<br>Fortale\u00e7a sua resili\u00eancia: Aprenda com as experi\u00eancias e supere os desafios com flexibilidade.<br>Seja proativo: Tome a iniciativa de agir em prol de seus objetivos.<br>Mantenha a determina\u00e7\u00e3o: Persista em seus objetivos mesmo diante de dificuldades.<br>Explore sua criatividade: Encontre solu\u00e7\u00f5es inovadoras e expresse sua individualidade.<br>Escute sua intui\u00e7\u00e3o: Aprenda a discernir e tomar decis\u00f5es guiado por sua sabedoria interna.<br>Pratique a gratid\u00e3o: Cultive um sentimento de agradecimento pelas coisas boas da vida.<br>Ao dedicar tempo e esfor\u00e7o para desenvolver seu poder pessoal, voc\u00ea estar\u00e1 investindo em seu pr\u00f3prio bem-estar e na constru\u00e7\u00e3o de uma vida mais plena e empoderada.<br>Comece hoje mesmo a jornada em busca do seu poder pessoal!<\/p>\n\n\n\n<p>Afirma\u00e7\u00f5es sobre Poder Pessoal:<br>Despertando a For\u00e7a Interior, Acendendo a Chama do Poder em Seu Ser:<\/p>\n\n\n\n<p>Eu sou um ser poderoso e capaz de realizar meus sonhos.<br>O poder reside em meu interior e emana naturalmente de mim.<br>Confio em minhas habilidades e capacidades para alcan\u00e7ar meus objetivos.<br>Utilizo meu poder com sabedoria e responsabilidade para o bem de todos.<br>Conecto-me com a fonte infinita de poder que existe dentro de mim.<br>Tomo decis\u00f5es assertivas e confio em meus instintos.<br>Supero meus desafios com for\u00e7a e determina\u00e7\u00e3o.<br>Utilizo meu poder para fazer a diferen\u00e7a no mundo.<\/p>\n\n\n\n<p>Cultivando a Autoestima e a Confian\u00e7a:<br>Sou merecedor de felicidade, sucesso e realiza\u00e7\u00e3o.<br>Amo e respeito a mim mesmo incondicionalmente.<br>Tenho f\u00e9 em mim mesmo e nas minhas decis\u00f5es.<br>Aceito meus desafios como oportunidades de aprendizado e crescimento.<br>Celebro minhas conquistas, grandes e pequenas, em minha jornada.<br>Reconhe\u00e7o meu valor e minhas qualidades \u00fanicas.<br>Mantenho uma atitude positiva e otimista em todas as circunst\u00e2ncias.<br>Sou grato pelas b\u00ean\u00e7\u00e3os em minha vida.<\/p>\n\n\n\n<p>Mantendo um Foco Inabal\u00e1vel:<br>Meus objetivos s\u00e3o claros e bem definidos.<br>Mantenho o foco em meus objetivos, mesmo diante das dificuldades.<br>Utilizo minha energia e recursos de forma eficiente.<br>Crio um plano de a\u00e7\u00e3o para alcan\u00e7ar meus objetivos.<br>Tomo medidas consistentes todos os dias em dire\u00e7\u00e3o ao sucesso.<br>Adapto-me \u00e0s mudan\u00e7as e aos desafios com flexibilidade.<br>Mantenho uma atitude positiva e perseverante.<br>Visualizo meus objetivos j\u00e1 realizados e sinto a alegria da conquista.<\/p>\n\n\n\n<p>Algumas frases inspiradoras para te motivar:<\/p>\n\n\n\n<p>&#8220;A palavra \u00e9 meu dom\u00ednio sobre o mundo.&#8221;Clarice Lispector<br>&#8220;O homem n\u00e3o tem poder sobre nada enquanto tem medo da morte. E quem n\u00e3o tem medo da morte possui tudo.&#8221;Leon Tolst\u00f3i<br>&#8220;A fotografia \u00e9 uma das poucas coisas que tem poder sobre o tempo: ela o paralisa.&#8221;Tumblr<br>&#8220;Querer n\u00e3o \u00e9 poder. Quem p\u00f4de, quis antes de poder s\u00f3 depois de poder. Quem quer nunca h\u00e1-de poder, porque se perde em querer.&#8221;Fernando Pessoa<\/p>\n\n\n\n<p>Livros:<\/p>\n\n\n\n<p>O poder da presen\u00e7a: Como a linguagem corporal pode ajudar voc\u00ea a aumentar sua autoconfian\u00e7a por Amy Cuddy (Autor), Ivo Korytowski (Tradutor) &#8211; ISBN-10:8543103908<\/p>\n\n\n\n<p>O poder da decis\u00e3o: Na vida, nos relacionamentos, no trabalho e no cotidiano &#8211; por Anselm Gr\u00fcn (Autor), Monika M\u00fcller (Tradutor) &#8211; ISBN-10:8532647707<\/p>\n\n\n\n<p>O PODER DO SENTIDO &#8211; por Emily Smith &#8211; ISBN: 978-85-4700-006-6<\/p>\n\n\n\n<p><\/p>\n\n\n<div class=\"wp-block-image\">\n<figure class=\"aligncenter size-large\"><a href=\"https:\/\/luzemhisterio.com\/blog\/wp-content\/uploads\/2024\/04\/libra-1.jpg\"><img loading=\"lazy\" decoding=\"async\" width=\"521\" height=\"1024\" src=\"https:\/\/luzemhisterio.com\/blog\/wp-content\/uploads\/2024\/04\/libra-1-521x1024.jpg\" alt=\"\" class=\"wp-image-2518\" srcset=\"https:\/\/luzemhisterio.com\/blog\/wp-content\/uploads\/2024\/04\/libra-1-521x1024.jpg 521w, https:\/\/luzemhisterio.com\/blog\/wp-content\/uploads\/2024\/04\/libra-1-153x300.jpg 153w, https:\/\/luzemhisterio.com\/blog\/wp-content\/uploads\/2024\/04\/libra-1.jpg 564w\" sizes=\"auto, (max-width: 521px) 100vw, 521px\" \/><\/a><figcaption>Vibra\u00e7\u00e3o da Constela\u00e7\u00e3o de Libra<br> para Abril &#8211; 2024<\/figcaption><\/figure>\n<\/div>\n\n\n<p>LIBRA<br>Per\u00edodo Solar: 23 de setembro at\u00e9 22 de outubro.<br>Previs\u00e3o de conscientiza\u00e7\u00e3o para Abril:<br>Voc\u00ea vibra: Temporalidade,<br>A temporalidade pessoal \u00e9 a percep\u00e7\u00e3o individual do tempo, como voc\u00ea experimenta e interpreta a<br>passagem dos dias, meses e anos. \u00c9 uma constru\u00e7\u00e3o subjetiva, influenciada por diversos<br>fatores:como sua idade, suas mem\u00f3rias, suas emo\u00e7\u00f5es ou at\u00e9 sua cultura. O M\u00eas de Abril \u00e9 o<br>momento, o tempo de curar-se, de meditar e cultivar sua sabedoria interna.N\u00e3o aja de forma<br>impulsiva e impensada de forma alguma, pratique a paci\u00eancia.<br>Trabalho: Sempre fa\u00e7a uso de sua inteligencia e de sua paci\u00eancia para resolver qualquer problema. N\u00e3o \u00e9 o momento adequado para investir, tome cuidado com gastos a vibra\u00e7\u00e3o \u00e9 de poupan\u00e7a.<br>Sa\u00fade: Aten\u00e7\u00e3o especial \u00e0 melancolia e \u00e0 depress\u00e3o.<br>Espiritual: Encontre tempo para cuidar de voc\u00ea e se amar.Medite.<br>Amor: Resguarde-se , busque o autoconhecimento.<\/p>\n\n\n<div class=\"wp-block-image\">\n<figure class=\"aligncenter size-full\"><a href=\"https:\/\/luzemhisterio.com\/blog\/wp-content\/uploads\/2024\/04\/temporalidade2.jpg\"><img loading=\"lazy\" decoding=\"async\" width=\"563\" height=\"676\" src=\"https:\/\/luzemhisterio.com\/blog\/wp-content\/uploads\/2024\/04\/temporalidade2.jpg\" alt=\"\" class=\"wp-image-2519\" srcset=\"https:\/\/luzemhisterio.com\/blog\/wp-content\/uploads\/2024\/04\/temporalidade2.jpg 563w, https:\/\/luzemhisterio.com\/blog\/wp-content\/uploads\/2024\/04\/temporalidade2-250x300.jpg 250w\" sizes=\"auto, (max-width: 563px) 100vw, 563px\" \/><\/a><figcaption>Temporalidade<\/figcaption><\/figure>\n<\/div>\n\n\n<p>Reflex\u00f5es sobre temporalidade:<\/p>\n\n\n\n<p>A temporalidade pessoal pode ser dividida em tr\u00eas dimens\u00f5es:<br>Passado: As mem\u00f3rias e experi\u00eancias que moldam quem somos e como nos relacionamos com o mundo.<br>Presente: O momento \u00fanico e fugaz que estamos vivendo agora, com todas as suas nuances e sensa\u00e7\u00f5es.<br>Futuro: As expectativas, sonhos e projetos que nos motivam a seguir em frente.<\/p>\n\n\n\n<p>Compreender a temporalidade pessoal \u00e9 fundamental para:<br>Viver o presente com mais intensidade: Apreciar cada momento e evitar se preocupar com o passado ou o futuro.<br>Estabelecer metas e objetivos realistas: Planejar o futuro de acordo com o ritmo individual e as prioridades pessoais.<br>Lidar com as mudan\u00e7as de forma mais adapt\u00e1vel: Aceitar que o tempo passa e que as coisas mudam, adaptando-se \u00e0s novas realidades com flexibilidade.<br>Desenvolver o autoconhecimento: Refletir sobre como voc\u00ea experiencia o tempo e o que isso significa para voc\u00ea.<br>Ao compreendermos nossa pr\u00f3pria temporalidade, podemos viver de forma mais consciente, presente e aut\u00eantica, aproveitando cada momento da nossa jornada.<\/p>\n\n\n\n<p>Dicas para explorar a temporalidade pessoal:<br>Pratique a medita\u00e7\u00e3o: A medita\u00e7\u00e3o ajuda a acalmar a mente e focar no presente.<br>Mantenha um di\u00e1rio: Anotar seus pensamentos e sentimentos pode te ajudar a entender como voc\u00ea experiencia o tempo.<br>Reflita sobre suas mem\u00f3rias: Relembrar momentos marcantes da sua vida pode te ajudar a compreender como voc\u00ea se tornou a pessoa que \u00e9 hoje.<br>Converse com pessoas de diferentes idades: Compartilhar experi\u00eancias com pessoas de diferentes idades pode te ajudar a ter uma nova perspectiva sobre o tempo.<br>Leia livros e artigos sobre temporalidade: Existem diversos livros e artigos que podem te ajudar a aprofundar seus conhecimentos sobre o tema.<br>A temporalidade pessoal \u00e9 uma jornada \u00fanica e individual. Explore seu pr\u00f3prio ritmo, aceite as mudan\u00e7as e aproveite cada momento da sua vida.<\/p>\n\n\n\n<p>Frases de Afirma\u00e7\u00f5es Positivas sobre Temporalidade:<br>Vivendo o Presente com Plenitude,Acendendo a Chama da Presen\u00e7a no Seu Ser:<\/p>\n\n\n\n<p>Eu sou grato pelo presente e por todas as oportunidades que ele oferece.<br>Abro meu cora\u00e7\u00e3o e minha mente para a beleza do momento presente.<br>Vivo cada dia com plenitude e aproveito cada instante ao m\u00e1ximo.<br>Deixo de lado as preocupa\u00e7\u00f5es com o passado e o futuro e me concentro no presente.<br>Aceito o ritmo natural da vida e confio no tempo divino.<br>Utilizo meu tempo com sabedoria e prop\u00f3sito, realizando atividades que me trazem alegria e realiza\u00e7\u00e3o.<br>Aprecio as pequenas coisas da vida e encontro beleza nos detalhes.<br>Vivo cada momento com intensidade e paix\u00e3o.<\/p>\n\n\n\n<p>Cultivando a Serenidade e a Aceita\u00e7\u00e3o:<br>As coisas acontecem no tempo certo, nem antes nem depois.<br>Confio no processo da vida e aprendo com cada experi\u00eancia.<br>Aceito as mudan\u00e7as com serenidade e flexibilidade.<br>Perd\u00e3o as m\u00e1goas do passado e me libero de ressentimentos.<br>Vivo o presente com leveza e desapego.<br>Mantenho uma atitude positiva e otimista em todas as circunst\u00e2ncias.<br>Sou grato pelas b\u00ean\u00e7\u00e3os em minha vida.<\/p>\n\n\n\n<p>Mantendo um Foco Inabal\u00e1vel:<br>Meus objetivos s\u00e3o claros e bem definidos.<br>Mantenho o foco no presente e nas a\u00e7\u00f5es que posso tomar agora.<br>Utilizo minha energia e recursos de forma eficiente.<br>Crio um plano de a\u00e7\u00e3o para alcan\u00e7ar meus objetivos, passo a passo.<br>Tomo medidas consistentes todos os dias em dire\u00e7\u00e3o ao sucesso.<br>Adapto-me \u00e0s mudan\u00e7as e aos desafios com flexibilidade.<br>Mantenho uma atitude positiva e perseverante.<br>Visualizo meus objetivos j\u00e1 realizados e sinto a alegria da conquista.<\/p>\n\n\n\n<p>Algumas frases inspiradoras para te motivar:<\/p>\n\n\n\n<p>&#8220;Aquela sensa\u00e7\u00e3o de perder a mim mesma \u00e9 constante, mas sempre fica o perfume da flor. E isso revela o quanto vale a pena continuar sendo Eu.&#8221;Andrea Paiva<\/p>\n\n\n\n<p>&#8220;A beleza se encontra na temporalidade da exist\u00eancia e n\u00e3o naquilo que \u00e9 eternamente imut\u00e1vel.&#8221;Eros Ravani<\/p>\n\n\n\n<p>&#8220;Cuidado com a vida, ela tem uma centop\u00e9ia do tempo, n\u00e3o \u00e9 o tempo que se move mais sua temporalidade em vida.&#8221;Luana Targino<\/p>\n\n\n\n<p>&#8220;Como seres imersos na temporalidade, tendemos a valorizar mais a quantidade, quando \u00e9 na qualidade que encontramos a verdadeira satisfa\u00e7\u00e3o.&#8221;Os\u00e9ias Gulart<\/p>\n\n\n\n<p>Livros:<\/p>\n\n\n\n<p>Alma precisa de tempo-por Verena Kast (Autor), Markus A. Hediger(Tradutor)-ISBN-10:8532651577<\/p>\n\n\n\n<p>DEVAGAR- por Carl Honore (Autor) &#8211; ISBN-10 \u200f : \u200e 8501114499<\/p>\n\n\n\n<p>R\u00e1pido e devagar: Duas formas de pensar &#8211; por Daniel Kahneman (Autor), C\u00e1ssio de Arantes Leite (Tradutor) &#8211; ISBN-10:9788539003839<\/p>\n\n\n\n<p>OBRIGADO PELO ATRASO &#8211; por Thomas Friedman &#8211; Tradu\u00e7\u00e3o: Cl\u00e1udio Figueiredo &#8211;<br>ISBN:978-85-4700-044-8<\/p>\n\n\n\n<p>Sociedade do cansa\u00e7o &#8211; por Byung-Chul Han (Autor), Enio Paulo Giachini (Tradutor)<br>ISBN-10 \u200f : \u200e 8532649963<\/p>\n\n\n\n<p>A Arte do Tempo &#8211; por Jean-louis Servan-schreiber -ISBN-10:8529300076<\/p>\n\n\n\n<p><\/p>\n\n\n<div class=\"wp-block-image\">\n<figure class=\"aligncenter size-large\"><a href=\"https:\/\/luzemhisterio.com\/blog\/wp-content\/uploads\/2024\/04\/escorpiao.jpg\"><img loading=\"lazy\" decoding=\"async\" width=\"521\" height=\"1024\" src=\"https:\/\/luzemhisterio.com\/blog\/wp-content\/uploads\/2024\/04\/escorpiao-521x1024.jpg\" alt=\"\" class=\"wp-image-2525\" srcset=\"https:\/\/luzemhisterio.com\/blog\/wp-content\/uploads\/2024\/04\/escorpiao-521x1024.jpg 521w, https:\/\/luzemhisterio.com\/blog\/wp-content\/uploads\/2024\/04\/escorpiao-153x300.jpg 153w, https:\/\/luzemhisterio.com\/blog\/wp-content\/uploads\/2024\/04\/escorpiao.jpg 564w\" sizes=\"auto, (max-width: 521px) 100vw, 521px\" \/><\/a><figcaption>Vibra\u00e7\u00e3o da Constela\u00e7\u00e3o de Escorpi\u00e3o<br> para Abril &#8211; 2024<\/figcaption><\/figure>\n<\/div>\n\n\n<p>ESCORPI\u00c3O<br>Per\u00edodo Solar: 23 de outubro at\u00e9 21 de novembro.<br>Previs\u00e3o de conscientiza\u00e7\u00e3o para Abril:<br>Voc\u00ea vibra:Renascimento<br>Abril \u00e9 um m\u00eas de transforma\u00e7\u00e3o e renova\u00e7\u00e3o, seu processo ser\u00e1 de profunda transforma\u00e7\u00e3o, onde voc\u00ea deixar\u00e1 de lado velhos h\u00e1bitos, cren\u00e7as e comportamentos para dar lugar a uma nova vers\u00e3o de si mesmo. \u00c9 como uma lagarta que se transforma em borboleta, emergindo de sua antiga forma<br>para uma vida completamente nova.<br>Trabalho:Surpresas inesperadas est\u00e3o por vir de renova\u00e7\u00e3o no \u00e2mbito profissional, oportunidades financeiras.<br>Sa\u00fade: Aten\u00e7\u00e3o a press\u00e3o arterial.<br>Espiritual: Intui\u00e7\u00e3o apurada, reconecte-se \u00e0 sua miss\u00e3o.<br>Amor: Deixe tristezas e m\u00e1goas para tr\u00e1s.<\/p>\n\n\n<div class=\"wp-block-image\">\n<figure class=\"aligncenter size-full\"><a href=\"https:\/\/luzemhisterio.com\/blog\/wp-content\/uploads\/2024\/04\/renascimento1.jpg\"><img loading=\"lazy\" decoding=\"async\" width=\"540\" height=\"720\" src=\"https:\/\/luzemhisterio.com\/blog\/wp-content\/uploads\/2024\/04\/renascimento1.jpg\" alt=\"\" class=\"wp-image-2529\" srcset=\"https:\/\/luzemhisterio.com\/blog\/wp-content\/uploads\/2024\/04\/renascimento1.jpg 540w, https:\/\/luzemhisterio.com\/blog\/wp-content\/uploads\/2024\/04\/renascimento1-225x300.jpg 225w\" sizes=\"auto, (max-width: 540px) 100vw, 540px\" \/><\/a><figcaption>Renascimento<\/figcaption><\/figure>\n<\/div>\n\n\n<p>O que pode levar ao renascimento pessoal?<br>Experi\u00eancias desafiadoras: Dificuldades e crises podem nos levar a questionar nossa vida e buscar mudan\u00e7as.<br>Despertar espiritual: Uma busca por significado e prop\u00f3sito pode levar a um novo olhar sobre a vida.<br>Terapia e autoconhecimento: O processo de autoconhecimento pode revelar aspectos de n\u00f3s mesmos que precisam ser transformados.<br>Mudan\u00e7as de vida: Mudan\u00e7as de carreira, relacionamentos ou cidade podem ser oportunidades para um novo come\u00e7o.<\/p>\n\n\n\n<p>Sinais de que voc\u00ea est\u00e1 passando por um renascimento pessoal:<br>Novos interesses e valores: Voc\u00ea se sente atra\u00eddo por coisas diferentes do que antes.<br>Mudan\u00e7as de comportamento: Voc\u00ea come\u00e7a a agir de forma diferente, mais aut\u00eantica e alinhada com seus valores.<br>Desapego: Voc\u00ea deixa de lado coisas que n\u00e3o te servem mais, como relacionamentos t\u00f3xicos ou h\u00e1bitos prejudiciais.<br>Percep\u00e7\u00e3o renovada: Voc\u00ea tem uma nova perspectiva sobre a vida, com mais clareza e prop\u00f3sito.<br>Sensa\u00e7\u00e3o de paz e liberdade: Voc\u00ea se sente mais leve, livre e em paz consigo mesmo.<\/p>\n\n\n\n<p>Como aproveitar ao m\u00e1ximo o renascimento pessoal:<br>Abrace a mudan\u00e7a: Aceite que a mudan\u00e7a \u00e9 necess\u00e1ria para o crescimento.<br>Seja paciente: O renascimento \u00e9 um processo gradual, n\u00e3o espere resultados da noite para o dia.<br>Pratique o autocuidado: Cuide do seu corpo, mente e esp\u00edrito para lidar com as mudan\u00e7as.<br>Cerque-se de pessoas positivas: Conecte-se com pessoas que te apoiam e te inspiram.<br>Agrade\u00e7a pelas oportunidades: Reconhe\u00e7a os aprendizados que voc\u00ea obt\u00e9m com as experi\u00eancias.<br>O renascimento pessoal \u00e9 uma jornada \u00fanica e individual. N\u00e3o compare seu processo com o de outras pessoas. Acredite em si mesmo, confie na sua intui\u00e7\u00e3o e siga em frente com coragem e determina\u00e7\u00e3o.<br>Lembre-se: O renascimento \u00e9 uma oportunidade para criar a vida que voc\u00ea sempre sonhou. Permita-se florescer e se tornar a melhor vers\u00e3o de si mesmo.<\/p>\n\n\n\n<p>Frases Afirmativas sobre Renascimento<br>Desabrochando para uma Nova Vida &#8211; Acendendo a Chama da Transforma\u00e7\u00e3o em Seu Ser<\/p>\n\n\n\n<p>Eu sou um ser em constante renascimento, sempre em busca de evolu\u00e7\u00e3o.<br>Abra\u00e7o o processo de transforma\u00e7\u00e3o e me abro para novas possibilidades.<br>Deixo de lado o que n\u00e3o me serve mais e me reinvento com for\u00e7a e sabedoria.<br>Cada dia \u00e9 uma nova oportunidade para renascer e me tornar a melhor vers\u00e3o de mim mesmo.<br>Confio na minha capacidade de superar desafios e me fortalecer com cada experi\u00eancia.<br>Utilizo as dificuldades como trampolim para alcan\u00e7ar um novo n\u00edvel de consci\u00eancia.<br>Encontro beleza e aprendizado em cada ciclo de renascimento.<br>Celebro a vida e todas as suas infinitas possibilidades.<\/p>\n\n\n\n<p>Cultivando a Esperan\u00e7a e a Resili\u00eancia:<br>A esperan\u00e7a me guia em dire\u00e7\u00e3o a um futuro mais brilhante.<br>Sou capaz de superar qualquer obst\u00e1culo e me reerguer ap\u00f3s as quedas.<br>Minha for\u00e7a interior me impulsiona a seguir em frente com determina\u00e7\u00e3o.<br>Mantenho uma atitude positiva e otimista em todas as circunst\u00e2ncias.<br>Acredito no meu potencial ilimitado e na minha capacidade de realizar meus sonhos.<br>Permito que a luz da esperan\u00e7a ilumine meu caminho e me inspire a seguir em frente.<br>Confio na sabedoria divina que me guia em meu processo de renascimento.<br>Agrade\u00e7o pelas b\u00ean\u00e7\u00e3os presentes em minha vida.<\/p>\n\n\n\n<p>Mantendo um Foco Inabal\u00e1vel:<br>Meus objetivos s\u00e3o claros e bem definidos.<br>Mantenho o foco no presente e nas a\u00e7\u00f5es que posso tomar agora.<br>Utilizo minha energia e recursos de forma eficiente.<br>Crio um plano de a\u00e7\u00e3o para alcan\u00e7ar meus objetivos, passo a passo.<br>Tomo medidas consistentes todos os dias em dire\u00e7\u00e3o ao meu renascimento.<br>Adapto-me \u00e0s mudan\u00e7as e aos desafios com flexibilidade.<br>Mantenho uma atitude positiva e perseverante.<br>Visualizo meus objetivos j\u00e1 realizados e sinto a alegria da transforma\u00e7\u00e3o.<\/p>\n\n\n\n<p>Algumas frases inspiradoras sobre renascimento:<\/p>\n\n\n\n<p>&#8220;A vida \u00e9 uma metamorfose cont\u00ednua.&#8221; &#8211; Johann Wolfgang von Goethe<br>&#8220;Morrer para renascer \u00e9 a lei da vida.&#8221; &#8211; Allan Kardec<br>&#8220;O renascimento \u00e9 a \u00fanica maneira de se libertar do passado.&#8221; &#8211; Paulo Coelho<br>&#8220;Cada dia \u00e9 uma nova oportunidade para renascer.&#8221; &#8211; Buda<br>&#8220;A vida \u00e9 uma jornada de constante transforma\u00e7\u00e3o.&#8221; &#8211; Lao-Tzu<br>Recursos para aprofundar seus conhecimentos sobre o renascimento:<\/p>\n\n\n\n<p>Livros:<br>&#8220;O Renascimento de Buda&#8221; &#8211; Ryuho Okawa &#8211; <strong>ISBN-10 : \u200e<\/strong>8564658291<\/p>\n\n\n\n<p>ENSAIO SOBRE A LOUCURA DE SER: O Mergulho no Caos e o Renascimento &#8211; por Carlos Amorim (Autor)<br>Renascimento &#8211; Transformando a Dor em For\u00e7a &#8211; por Fabio Santos e Elizangela Pinheiro(Autores)<\/p>\n\n\n\n<p><\/p>\n\n\n\n<p><br><\/p>\n\n\n<div class=\"wp-block-image\">\n<figure class=\"aligncenter size-large\"><a href=\"https:\/\/luzemhisterio.com\/blog\/wp-content\/uploads\/2024\/04\/sagitario.jpg\"><img loading=\"lazy\" decoding=\"async\" width=\"521\" height=\"1024\" src=\"https:\/\/luzemhisterio.com\/blog\/wp-content\/uploads\/2024\/04\/sagitario-521x1024.jpg\" alt=\"\" class=\"wp-image-2530\" srcset=\"https:\/\/luzemhisterio.com\/blog\/wp-content\/uploads\/2024\/04\/sagitario-521x1024.jpg 521w, https:\/\/luzemhisterio.com\/blog\/wp-content\/uploads\/2024\/04\/sagitario-153x300.jpg 153w, https:\/\/luzemhisterio.com\/blog\/wp-content\/uploads\/2024\/04\/sagitario.jpg 564w\" sizes=\"auto, (max-width: 521px) 100vw, 521px\" \/><\/a><figcaption>Vibra\u00e7\u00e3o da Constela\u00e7\u00e3o de Sagit\u00e1rio<br> para Abril &#8211; 2024<\/figcaption><\/figure>\n<\/div>\n\n\n<p>SAGIT\u00c1RIO<br>Per\u00edodo Solar: 22 de novembro at\u00e9 21 de dezembro.<br>Previs\u00e3o de conscientiza\u00e7\u00e3o para Abril:<br>Voc\u00ea vibra:Esperan\u00e7a.<br>Neste m\u00eas de Abril, o seu caminho \u00e9 a cren\u00e7a de que,mesmo nos momentos mais desafiadores, dias melhores vir\u00e3o. \u00c9 a for\u00e7a que te impulsiona a seguir em frente, mesmo quando as coisas parecem imposs\u00edveis. \u00c9 a chama que ilumina o caminho, guiando voc\u00ea em dire\u00e7\u00e3o aos seus<br>sonhos e objetivos.<br>Trabalho: Ben\u00e7\u00e3os e prote\u00e7\u00e3o no trabalho.<br>Sa\u00fade:Momento de renova\u00e7\u00e3o energ\u00e9tica. Aproveite!<br>Espiritual: Prote\u00e7\u00e3o divina, necessidade de acreditar mais e cultivar a f\u00e9 na vida e em si mesmo.<br>Amor: Dedique-se a pensamentos positivos para que as barreiras de incompreens\u00e3o sejam removidas.<\/p>\n\n\n<div class=\"wp-block-image\">\n<figure class=\"aligncenter size-full\"><a href=\"https:\/\/luzemhisterio.com\/blog\/wp-content\/uploads\/2024\/04\/esperanca1.jpg\"><img loading=\"lazy\" decoding=\"async\" width=\"564\" height=\"987\" src=\"https:\/\/luzemhisterio.com\/blog\/wp-content\/uploads\/2024\/04\/esperanca1.jpg\" alt=\"\" class=\"wp-image-2531\" srcset=\"https:\/\/luzemhisterio.com\/blog\/wp-content\/uploads\/2024\/04\/esperanca1.jpg 564w, https:\/\/luzemhisterio.com\/blog\/wp-content\/uploads\/2024\/04\/esperanca1-171x300.jpg 171w\" sizes=\"auto, (max-width: 564px) 100vw, 564px\" \/><\/a><figcaption>Esperan\u00e7a<\/figcaption><\/figure>\n<\/div>\n\n\n<p>Como cultivar a esperan\u00e7a pessoal:<br>Pratique a gratid\u00e3o: Aprecie as coisas boas em sua vida, grandes e pequenas.<br>Concentre-se no presente: Viva o momento presente e evite se preocupar com o futuro.<br>Visualize seus objetivos: Imagine como ser\u00e1 sua vida quando alcan\u00e7ar seus sonhos.<br>Cerque-se de pessoas positivas: Passe tempo com pessoas que te inspiram e te fazem acreditar em si mesmo.<br>Fa\u00e7a algo que te motive: Encontre uma atividade que te d\u00ea esperan\u00e7a e te fa\u00e7a sentir realizado.<br>Ajude os outros: Ajudar o pr\u00f3ximo pode te dar um senso de prop\u00f3sito e significado.<br>Lembre-se de seus sucessos: Reflita sobre as vezes que voc\u00ea superou desafios e alcan\u00e7ou seus objetivos.<br>Acredite em si mesmo: Tenha f\u00e9 em sua capacidade de superar qualquer obst\u00e1culo.<br>A esperan\u00e7a pessoal \u00e9 uma ferramenta poderosa que pode transformar sua vida. Ao cultiv\u00e1-la, voc\u00ea estar\u00e1 se aproximando de seus sonhos e construindo um futuro melhor para si mesmo.<\/p>\n\n\n\n<p>Lembre-se: A esperan\u00e7a \u00e9 como uma semente que precisa ser regada e cuidada para crescer. Com amor, aten\u00e7\u00e3o e dedica\u00e7\u00e3o, voc\u00ea pode cultivar a esperan\u00e7a em seu cora\u00e7\u00e3o e iluminar seu caminho com a luz da positividade e da f\u00e9.<\/p>\n\n\n\n<p>Afirma\u00e7\u00f5es Positivas sobre Esperan\u00e7a<\/p>\n\n\n\n<p>Cultivando a Chama da Esperan\u00e7a em Seu Cora\u00e7\u00e3o:<br>Eu abra\u00e7o a esperan\u00e7a com f\u00e9 e otimismo, acreditando que dias melhores vir\u00e3o.<br>A esperan\u00e7a \u00e9 a for\u00e7a que me impulsiona a seguir em frente, mesmo diante de desafios.<br>Confio que o universo est\u00e1 conspirando a meu favor, guiando-me em dire\u00e7\u00e3o aos meus sonhos.<br>Cada dia \u00e9 uma nova oportunidade para plantar sementes de esperan\u00e7a e colher felicidade.<br>Eu me abro para a luz da esperan\u00e7a, que ilumina meu caminho e me conecta \u00e0 minha for\u00e7a interior.<\/p>\n\n\n\n<p>Fortalecendo a Resili\u00eancia e a Persist\u00eancia:<br>A esperan\u00e7a me permite superar obst\u00e1culos e dificuldades com perseveran\u00e7a e determina\u00e7\u00e3o.<br>Mesmo quando as coisas parecem imposs\u00edveis, a esperan\u00e7a me mant\u00e9m firme em meus objetivos.<br>Eu me recuso a desistir, pois a esperan\u00e7a me alimenta com a for\u00e7a necess\u00e1ria para continuar.<br>A cada passo que dou, a esperan\u00e7a me aproxima da realiza\u00e7\u00e3o dos meus sonhos e aspira\u00e7\u00f5es.<br>Eu me sinto fortalecido pela esperan\u00e7a, que me torna capaz de enfrentar qualquer desafio.<\/p>\n\n\n\n<p>Acolhendo a Alegria e a Gratid\u00e3o:<br>A esperan\u00e7a preenche meu cora\u00e7\u00e3o com alegria e gratid\u00e3o pelas b\u00ean\u00e7\u00e3os presentes em minha vida.<br>Eu reconhe\u00e7o e celebro as pequenas vit\u00f3rias, pois cada conquista \u00e9 um passo em dire\u00e7\u00e3o \u00e0 esperan\u00e7a.<br>Agrade\u00e7o pelas oportunidades que a vida me oferece para crescer, aprender e evoluir.<br>A esperan\u00e7a me permite encontrar a felicidade nas coisas simples da vida.<br>Eu me sinto aben\u00e7oado pela esperan\u00e7a, que me presenteia com paz interior e contentamento.<\/p>\n\n\n\n<p>Visualizando o Sucesso e a Realiza\u00e7\u00e3o:<br>Com clareza e convic\u00e7\u00e3o, visualizo meus objetivos se concretizando atrav\u00e9s da for\u00e7a da esperan\u00e7a.<br>A esperan\u00e7a me permite tra\u00e7ar um plano de a\u00e7\u00e3o para alcan\u00e7ar meus sonhos e aspira\u00e7\u00f5es.<br>Eu me sinto confiante e motivado pela esperan\u00e7a, que me guia em dire\u00e7\u00e3o ao sucesso.<br>Acredito no meu potencial ilimitado e na minha capacidade de realizar meus sonhos.<br>A esperan\u00e7a me conecta \u00e0 minha sabedoria interior, que me direciona para o caminho da realiza\u00e7\u00e3o.<\/p>\n\n\n\n<p>Lembre-se: A esperan\u00e7a \u00e9 um estado de esp\u00edrito que requer pr\u00e1tica e persist\u00eancia. Acredite em si mesmo, cultive pensamentos positivos e seja paciente. A esperan\u00e7a te guiar\u00e1 em dire\u00e7\u00e3o \u00e0 realiza\u00e7\u00e3o de seus sonhos e \u00e0 constru\u00e7\u00e3o de uma vida mais plena e significativa.<\/p>\n\n\n\n<p>Algumas frases inspiradoras sobre esperan\u00e7a:<\/p>\n\n\n\n<p>&#8220;A esperan\u00e7a \u00e9 a coisa mais forte que existe.&#8221; &#8211; Anne Frank<br>&#8220;A esperan\u00e7a \u00e9 a f\u00e9 em a\u00e7\u00e3o.&#8221; &#8211; Helen Keller<br>&#8220;A esperan\u00e7a \u00e9 a luz que guia a alma.&#8221; &#8211; An\u00f4nimo<br>&#8220;A esperan\u00e7a \u00e9 a m\u00e3e da perseveran\u00e7a.&#8221; &#8211; S\u00e3o Tom\u00e1s de Aquino<br>&#8220;A esperan\u00e7a \u00e9 a estrada que leva ao futuro.&#8221; &#8211; Abraham Lincoln<\/p>\n\n\n\n<p><\/p>\n\n\n\n<p>Livros:<br>Poder da Esperan\u00e7a &#8211; por Juliana Megosa (Autor)<br>Esperan\u00e7a ativa: Como encarar o caos em que vivemos sem enlouquecer = por Joanna Macy (Autor)<br>De m\u00e3os dadas: Um palha\u00e7o e um psic\u00f3logo conversam sobre a coragem de viver o luto e as belezas que nascem da despedida &#8211; por Claudio Thebas e Alexandre Coimbra<br>Entre a lucidez e a esperan\u00e7a: Um olhar sobre a finitude para quem n\u00e3o tem tempo a perder<br>por Ana Michelle Soares<\/p>\n\n\n\n<p><\/p>\n\n\n<div class=\"wp-block-image\">\n<figure class=\"aligncenter size-large\"><a href=\"https:\/\/luzemhisterio.com\/blog\/wp-content\/uploads\/2024\/04\/aries2.jpg\"><img loading=\"lazy\" decoding=\"async\" width=\"521\" height=\"1024\" src=\"https:\/\/luzemhisterio.com\/blog\/wp-content\/uploads\/2024\/04\/aries2-521x1024.jpg\" alt=\"\" class=\"wp-image-2532\" srcset=\"https:\/\/luzemhisterio.com\/blog\/wp-content\/uploads\/2024\/04\/aries2-521x1024.jpg 521w, https:\/\/luzemhisterio.com\/blog\/wp-content\/uploads\/2024\/04\/aries2-153x300.jpg 153w, https:\/\/luzemhisterio.com\/blog\/wp-content\/uploads\/2024\/04\/aries2.jpg 564w\" sizes=\"auto, (max-width: 521px) 100vw, 521px\" \/><\/a><figcaption>Vibra\u00e7\u00e3o da Constela\u00e7\u00e3o de Capric\u00f3rnio<br> para Abril &#8211; 2024<\/figcaption><\/figure>\n<\/div>\n\n\n<p>CAPRIC\u00d3RNIO<br>Per\u00edodo Solar: 22 de dezembro \u00e0 20 de janeiro.<br>Previs\u00e3o de conscientiza\u00e7\u00e3o para Abril:<br>Voc\u00ea vibra:Determina\u00e7\u00e3o<br>Este \u00e9 o m\u00eas em que a For\u00e7a que Move Montanhas \u00e9 o seu lema. Sua for\u00e7a interior que te impulsiona a seguir em frente, mesmo quando os desafios parecem insuper\u00e1veis \u00e9 a vibra\u00e7\u00e3o que te acompanha.. \u00c9 a chama que te motiva a perseguir seus sonhos e objetivos, independentemente dos obst\u00e1culos que encontra no caminho.<br>Trabalho: Momento de exito e vitorias.<br>Sa\u00fade: Aten\u00e7\u00e3o , aos seus p\u00e9s e pernas.<br>Espiritual: Encontre um caminho para afastar os obst\u00e1culos de sua verdadeira f\u00e9.<br>Amor:Expanda e descubra novos caminhos em seus relacionamentos.<\/p>\n\n\n<div class=\"wp-block-image\">\n<figure class=\"aligncenter size-full\"><a href=\"https:\/\/luzemhisterio.com\/blog\/wp-content\/uploads\/2024\/04\/determinacao3-1.jpg\"><img loading=\"lazy\" decoding=\"async\" width=\"564\" height=\"733\" src=\"https:\/\/luzemhisterio.com\/blog\/wp-content\/uploads\/2024\/04\/determinacao3-1.jpg\" alt=\"\" class=\"wp-image-2539\" srcset=\"https:\/\/luzemhisterio.com\/blog\/wp-content\/uploads\/2024\/04\/determinacao3-1.jpg 564w, https:\/\/luzemhisterio.com\/blog\/wp-content\/uploads\/2024\/04\/determinacao3-1-231x300.jpg 231w\" sizes=\"auto, (max-width: 564px) 100vw, 564px\" \/><\/a><figcaption>Determina\u00e7\u00e3o<\/figcaption><\/figure>\n<\/div>\n\n\n<p>Caracter\u00edsticas da determina\u00e7\u00e3o pessoal:<br>Foco: A pessoa determinada mant\u00e9m o foco em seus objetivos, mesmo quando as coisas ficam dif\u00edceis.<br>Persist\u00eancia: A pessoa determinada n\u00e3o desiste facilmente, mesmo ap\u00f3s contratempos e falhas.<br>Resili\u00eancia: A pessoa determinada se recupera rapidamente de setbacks e continua lutando por seus sonhos.<br>Confian\u00e7a em si mesmo: A pessoa determinada acredita em sua capacidade de alcan\u00e7ar seus objetivos.<br>Otimismo: A pessoa determinada mant\u00e9m uma atitude positiva, mesmo diante de desafios.<br>Disciplina: A pessoa determinada se dedica com disciplina \u00e0 realiza\u00e7\u00e3o de seus objetivos.<br>Trabalho duro: A pessoa determinda est\u00e1 disposta a trabalhar duro para alcan\u00e7ar seus sonhos.<\/p>\n\n\n\n<p>Import\u00e2ncia da determina\u00e7\u00e3o pessoal:<br>A determina\u00e7\u00e3o pessoal nos permite superar obst\u00e1culos e alcan\u00e7ar nossos objetivos.<br>A determina\u00e7\u00e3o pessoal nos ajuda a construir uma vida mais plena e significativa.<br>A determina\u00e7\u00e3o pessoal nos torna mais resilientes e adapt\u00e1veis \u00e0s mudan\u00e7as.<br>A determina\u00e7\u00e3o pessoal nos inspira a sermos a melhor vers\u00e3o de n\u00f3s mesmos.<\/p>\n\n\n\n<p>Como desenvolver a determina\u00e7\u00e3o pessoal:<br>Defina metas e objetivos claros.<br>Crie um plano de a\u00e7\u00e3o para alcan\u00e7ar seus objetivos.<br>Cerque-se de pessoas positivas e que te apoiam.<br>Comemore suas conquistas, grandes e pequenas.<br>Aprenda com seus erros e continue tentando.<br>Mantenha uma atitude positiva e otimista.<br>Acredite em si mesmo e no seu potencial.<br>Nunca desista dos seus sonhos.<\/p>\n\n\n\n<p>A determina\u00e7\u00e3o pessoal \u00e9 uma ferramenta poderosa que pode transformar sua vida. Ao desenvolver essa for\u00e7a interior, voc\u00ea estar\u00e1 se aproximando de seus sonhos e construindo um futuro melhor para si mesmo.<\/p>\n\n\n\n<p>Lembre-se: A determina\u00e7\u00e3o pessoal \u00e9 como um m\u00fasculo que precisa ser exercitado para se fortalecer. Com persist\u00eancia, disciplina e trabalho duro, voc\u00ea pode desenvolver uma determina\u00e7\u00e3o inabal\u00e1vel que te levar\u00e1 ao sucesso em todas as \u00e1reas de sua vida.<\/p>\n\n\n\n<p>Frases Afirmativas para Determina\u00e7\u00e3o Pessoal<\/p>\n\n\n\n<p>Acendendo a Chama da Determina\u00e7\u00e3o em Seu Cora\u00e7\u00e3o:<br>Eu sou uma pessoa determinada e capaz de alcan\u00e7ar meus objetivos.<br>Tenho a for\u00e7a interior necess\u00e1ria para superar qualquer obst\u00e1culo.<br>Acredito em mim mesmo e no meu potencial ilimitado.<br>Estou comprometido com meus sonhos e n\u00e3o desistirei facilmente.<br>Cada passo que dou me aproxima da realiza\u00e7\u00e3o dos meus objetivos.<br>Enfrento os desafios com coragem e determina\u00e7\u00e3o.<br>Aprendo com meus erros e continuo tentando com persist\u00eancia.<br>Minha mente \u00e9 forte e focada no sucesso.<br>Minha vontade \u00e9 inabal\u00e1vel e me guia em dire\u00e7\u00e3o aos meus sonhos.<br>Agrade\u00e7o pelas oportunidades que a vida me oferece para crescer e evoluir.<\/p>\n\n\n\n<p>Cultivando a Resili\u00eancia e a Persist\u00eancia:<br>As dificuldades me tornam mais forte e resiliente.<br>Os contratempos s\u00e3o apenas oportunidades para aprender e crescer.<br>Eu me levanto ap\u00f3s cada queda e continuo lutando por meus sonhos.<br>A persist\u00eancia \u00e9 a minha chave para o sucesso.<br>Nunca desistirei dos meus objetivos, pois sei que posso alcan\u00e7\u00e1-los.<br>Confio na minha capacidade de superar qualquer desafio.<br>Meu foco \u00e9 inabal\u00e1vel e me mant\u00e9m firme em meus objetivos.<br>Tenho a paci\u00eancia necess\u00e1ria para esperar o momento certo.<br>A cada dia, me aproximo da realiza\u00e7\u00e3o dos meus sonhos.<\/p>\n\n\n\n<p>Mantendo uma Atitude Positiva e Otimista:<br>Acredito que tudo \u00e9 poss\u00edvel se eu me dedicar e acreditar.<br>Tenho uma vis\u00e3o positiva da vida e dos meus objetivos.<br>O otimismo me motiva a seguir em frente, mesmo quando as coisas ficam dif\u00edceis.<br>Agrade\u00e7o pelas coisas boas que tenho em minha vida.<br>Celebro minhas conquistas, grandes e pequenas.<br>Mantenho uma atitude positiva e esperan\u00e7osa.<br>Visualizo meus objetivos j\u00e1 realizados e sinto a alegria do sucesso.<br>A f\u00e9 me guia e me fortalece em minha jornada.<br>Sou grato pela vida e por todas as oportunidades que ela me oferece.<br>Repetindo essas frases com convic\u00e7\u00e3o e visualizando as mudan\u00e7as positivas que deseja em sua vida, voc\u00ea estar\u00e1 plantando as sementes de uma determina\u00e7\u00e3o aut\u00eantica e transformadora.<\/p>\n\n\n\n<p>Lembre-se: A determina\u00e7\u00e3o pessoal \u00e9 um estado de esp\u00edrito que requer pr\u00e1tica e persist\u00eancia. Acredite em si mesmo, cultive pensamentos positivos e seja paciente. A determina\u00e7\u00e3o te guiar\u00e1 em dire\u00e7\u00e3o \u00e0 realiza\u00e7\u00e3o de seus sonhos e \u00e0 constru\u00e7\u00e3o de uma vida mais plena e significativa.<\/p>\n\n\n\n<p>Algumas frases inspiradoras sobre determina\u00e7\u00e3o pessoal:<\/p>\n\n\n\n<p>&#8220;A determina\u00e7\u00e3o \u00e9 a chave para o sucesso.&#8221; &#8211; Vince Lombardi<br>&#8220;O que nos falta em for\u00e7a, podemos compensar com determina\u00e7\u00e3o.&#8221; &#8211; William Pitt<br>&#8220;A \u00fanica coisa que torna o sonho imposs\u00edvel \u00e9 a falta de tentativa.&#8221; &#8211; Paulo Coelho<br>&#8220;A persist\u00eancia \u00e9 a chave para transformar o fracasso em sucesso.&#8221; &#8211; Winston Churchill<br>&#8220;O \u00fanico limite para o seu sucesso \u00e9 a sua pr\u00f3pria mente.&#8221; &#8211; Brian Tracy<\/p>\n\n\n\n<p>Livros:<br>Determina\u00e7\u00e3o: Como seguir em frente quando voc\u00ea quer desistir-por Martin Meadows (Autor) eBook Kindle<\/p>\n\n\n\n<p>DESVENDANDO O SEGREDO DA PERSIST\u00caNCIA E A DISCIPLINA : A F\u00d3RMULA INFAL\u00cdVEL PARA ALCAN\u00c7AR SEUS OBJETIVOS &#8211; por Lucy Rosa<\/p>\n\n\n\n<p>O morcego sem asas &#8211; por Fernanda Emediato (Autor), Alan Maia (Ilustrador) &#8211; eBook Kindle<\/p>\n\n\n\n<p>O poder da resili\u00eancia: Princ\u00edpios da neuroci\u00eancia para desenvolver uma fonte de calma, for\u00e7a e felicidade em sua vida &#8211; por Rick Hanson, Forrest Hanson, e outros.<\/p>\n\n\n\n<p>O Poder da Determina\u00e7\u00e3o &#8211; por Samuel Lucas Dos Santos<\/p>\n\n\n\n<p>A Import\u00e2ncia da Determina\u00e7\u00e3o &#8211; por Matheus Dias<\/p>\n\n\n\n<p><\/p>\n\n\n<div class=\"wp-block-image\">\n<figure class=\"aligncenter size-large\"><a href=\"https:\/\/luzemhisterio.com\/blog\/wp-content\/uploads\/2024\/04\/aquario.jpg\"><img loading=\"lazy\" decoding=\"async\" width=\"521\" height=\"1024\" src=\"https:\/\/luzemhisterio.com\/blog\/wp-content\/uploads\/2024\/04\/aquario-521x1024.jpg\" alt=\"\" class=\"wp-image-2536\" srcset=\"https:\/\/luzemhisterio.com\/blog\/wp-content\/uploads\/2024\/04\/aquario-521x1024.jpg 521w, https:\/\/luzemhisterio.com\/blog\/wp-content\/uploads\/2024\/04\/aquario-153x300.jpg 153w, https:\/\/luzemhisterio.com\/blog\/wp-content\/uploads\/2024\/04\/aquario.jpg 564w\" sizes=\"auto, (max-width: 521px) 100vw, 521px\" \/><\/a><figcaption>Vibra\u00e7\u00e3o da Constela\u00e7\u00e3o de Aqu\u00e1rio<br> para Abril &#8211; 2024<\/figcaption><\/figure>\n<\/div>\n\n\n<p>AQU\u00c1RIO<br>Per\u00edodo Solar: 20 de janeiro \u00e0 18 de fevereiro<br>Previs\u00e3o de conscientiza\u00e7\u00e3o para Abril:<br>Voc\u00ea vibra:Conquista.<br>Este \u00e9 o m\u00eas onde A Jornada Heroica em Busca dos Seus Sonhos, deve ser prioridade. seja a supera\u00e7\u00e3o de obst\u00e1culos, a perseveran\u00e7a diante dos desafios e a alegria de alcan\u00e7ar o sucesso.<br>Trabalho: \u00c9 preciso assumir a posi\u00e7\u00e3o de lideran\u00e7a.<br>Sa\u00fade: Aten\u00e7\u00e3o \u00e0 sua sa\u00fade ps\u00edquica.<br>Espiritual: Tome posse dos seus pr\u00f3prios dons e habilidades. \u00c9 preciso crer e agir na mesma propor\u00e7\u00e3o.<br>Amor: \u00d3timo momentos para novos relacionamento afetivos.<\/p>\n\n\n<div class=\"wp-block-image\">\n<figure class=\"aligncenter size-large\"><a href=\"https:\/\/luzemhisterio.com\/blog\/wp-content\/uploads\/2024\/04\/determinacao2-1.jpg\"><img loading=\"lazy\" decoding=\"async\" width=\"551\" height=\"1024\" src=\"https:\/\/luzemhisterio.com\/blog\/wp-content\/uploads\/2024\/04\/determinacao2-1-551x1024.jpg\" alt=\"\" class=\"wp-image-2540\" srcset=\"https:\/\/luzemhisterio.com\/blog\/wp-content\/uploads\/2024\/04\/determinacao2-1-551x1024.jpg 551w, https:\/\/luzemhisterio.com\/blog\/wp-content\/uploads\/2024\/04\/determinacao2-1-161x300.jpg 161w, https:\/\/luzemhisterio.com\/blog\/wp-content\/uploads\/2024\/04\/determinacao2-1.jpg 564w\" sizes=\"auto, (max-width: 551px) 100vw, 551px\" \/><\/a><figcaption>Conquista<\/figcaption><\/figure>\n<\/div>\n\n\n<p>Caracter\u00edsticas da conquista pessoal:<br>Determina\u00e7\u00e3o: A for\u00e7a interior que te impulsiona a seguir em frente.<br>Resili\u00eancia: A capacidade de se recuperar dos contratempos e continuar lutando.<br>Persist\u00eancia: A teimosia positiva que te faz persistir at\u00e9 alcan\u00e7ar seus objetivos.<br>Confian\u00e7a em si mesmo: A cren\u00e7a inabal\u00e1vel em sua capacidade de vencer.<br>Foco: A capacidade de manter sua aten\u00e7\u00e3o no que realmente importa.<br>Disciplina: A organiza\u00e7\u00e3o e o autocontrole para seguir seu plano de a\u00e7\u00e3o.<br>Trabalho duro: A dedica\u00e7\u00e3o e o esfor\u00e7o necess\u00e1rio para alcan\u00e7ar seus sonhos.<br>Paci\u00eancia: A compreens\u00e3o de que o sucesso leva tempo e exige espera.<br>Gratid\u00e3o: O reconhecimento das pequenas e grandes conquistas ao longo do caminho.<\/p>\n\n\n\n<p>Import\u00e2ncia da conquista pessoal:<br>A conquista pessoal te leva a alcan\u00e7ar seus objetivos e sonhos.<br>A conquista pessoal te torna uma pessoa mais forte e resiliente.<br>A conquista pessoal aumenta sua autoestima e confian\u00e7a em si mesmo.<br>A conquista pessoal te inspira a ser a melhor vers\u00e3o de si mesmo.<br>A conquista pessoal te ajuda a construir uma vida mais plena e significativa.<\/p>\n\n\n\n<p>Como desenvolver a capacidade de conquistar:<br>Defina metas e objetivos claros.<br>Crie um plano de a\u00e7\u00e3o para alcan\u00e7ar seus objetivos.<br>Cerque-se de pessoas positivas que te apoiam.<br>Comemore suas conquistas, grandes e pequenas.<br>Aprenda com seus erros e continue tentando.<br>Mantenha uma atitude positiva e otimista.<br>Acredite em si mesmo e no seu potencial.<br>Nunca desista dos seus sonhos.<\/p>\n\n\n\n<p>A conquista pessoal \u00e9 um processo cont\u00ednuo que exige persist\u00eancia, disciplina e trabalho duro. Mas a recompensa \u00e9 enorme: a realiza\u00e7\u00e3o dos seus sonhos, a felicidade de alcan\u00e7ar seus objetivos e a certeza de que voc\u00ea \u00e9 capaz de conquistar tudo o que deseja.<\/p>\n\n\n\n<p>Lembre-se: Voc\u00ea \u00e9 o her\u00f3i da sua pr\u00f3pria hist\u00f3ria. Acredite em si mesmo, trace seu caminho e lute com bravura para alcan\u00e7ar seus objetivos. A conquista pessoal te espera do outro lado da jornada.<\/p>\n\n\n\n<p>Frases de Afirma\u00e7\u00e3o Positiva para Conquista Pessoal<\/p>\n\n\n\n<p>Acendendo a Chama da Conquista em Seu Cora\u00e7\u00e3o:<br>Eu sou um(a) conquistador(a) nato(a) e capaz de alcan\u00e7ar meus objetivos.<br>Tenho a for\u00e7a interior e a determina\u00e7\u00e3o necess\u00e1rias para superar qualquer obst\u00e1culo.<br>Acredito em mim mesmo(a) e no meu potencial ilimitado.<br>Estou comprometido(a) com meus sonhos e n\u00e3o desistirei facilmente.<br>Cada passo que dou me aproxima da realiza\u00e7\u00e3o dos meus objetivos.<br>Enfrento os desafios com coragem e otimismo.<br>Aprendo com meus erros e continuo tentando com persist\u00eancia.<br>Minha mente \u00e9 forte e focada no sucesso.<br>Minha vontade \u00e9 inabal\u00e1vel e me guia em dire\u00e7\u00e3o aos meus sonhos.<br>Agrade\u00e7o pelas oportunidades que a vida me oferece para crescer e evoluir.<\/p>\n\n\n\n<p>Cultivando a Resili\u00eancia e a Persist\u00eancia:<br>As dificuldades me tornam mais forte e resiliente.<br>Os contratempos s\u00e3o apenas oportunidades para aprender e crescer.<br>Eu me levanto ap\u00f3s cada queda e continuo lutando por meus sonhos.<br>A persist\u00eancia \u00e9 a minha chave para o sucesso.<br>Nunca desistirei dos meus objetivos, pois sei que posso alcan\u00e7\u00e1-los.<br>Confio na minha capacidade de superar qualquer desafio.<br>Meu foco \u00e9 inabal\u00e1vel e me mant\u00e9m firme em meus objetivos.<br>Tenho a paci\u00eancia necess\u00e1ria para esperar o momento certo.<br>A cada dia, me aproximo da realiza\u00e7\u00e3o dos meus sonhos.<\/p>\n\n\n\n<p>Mantendo uma Atitude Positiva e Otimista:<br>Acredito que tudo \u00e9 poss\u00edvel se eu me dedicar e acreditar.<br>Tenho uma vis\u00e3o positiva da vida e dos meus objetivos.<br>O otimismo me motiva a seguir em frente, mesmo quando as coisas ficam dif\u00edceis.<br>Agrade\u00e7o pelas coisas boas que tenho em minha vida.<br>Celebro minhas conquistas, grandes e pequenas.<br>Mantenho uma atitude positiva e esperan\u00e7osa.<br>Visualizo meus objetivos j\u00e1 realizados e sinto a alegria do sucesso.<br>A f\u00e9 me guia e me fortalece em minha jornada.<br>Sou grato(a) pela vida e por todas as oportunidades que ela me oferece.<\/p>\n\n\n\n<p>Lembre-se: A conquista pessoal \u00e9 um estado de esp\u00edrito que requer pr\u00e1tica e persist\u00eancia. Acredite em si mesmo(a), cultive pensamentos positivos e seja paciente. A conquista te guiar\u00e1 em dire\u00e7\u00e3o \u00e0 realiza\u00e7\u00e3o de seus sonhos e \u00e0 constru\u00e7\u00e3o de uma vida mais plena e significativa.<\/p>\n\n\n\n<p>Algumas frases inspiradoras sobre conquista pessoal:<\/p>\n\n\n\n<p>&#8220;O \u00fanico limite para o seu sucesso \u00e9 a sua pr\u00f3pria mente.&#8221; &#8211; Brian Tracy<br>&#8220;A \u00fanica maneira de fazer um \u00f3timo trabalho \u00e9 amar o que voc\u00ea faz.&#8221; &#8211; Steve Jobs<br>&#8220;Seja a mudan\u00e7a que voc\u00ea deseja ver no mundo.&#8221; &#8211; Mahatma Gandhi<br>&#8220;O futuro pertence \u00e0queles que acreditam na beleza dos seus sonhos.&#8221; &#8211; Eleanor Roosevelt<br>&#8220;A criatividade \u00e9 a intelig\u00eancia se divertindo.&#8221; &#8211; Albert Einstein<\/p>\n\n\n\n<p>Livros:<br>Ambi\u00e7\u00e3o sem culpa: Assuma riscos, quebre barreiras e conquiste o sucesso que merece- por Shellye Archambeau e Marcia Blasques<\/p>\n\n\n\n<p>Vai Com Medo!: Use a coragem a seu favor para empreender e conquiste a vida que sempre quis<br>por Beatriz Medina e Ruth Soukup<\/p>\n\n\n\n<p>Atitude vencedora: descubra a chave do sucesso pessoal e profissional -por John C. Maxwell, B\u00e1rbara Coutinho, e outros.<\/p>\n\n\n\n<p>O h\u00e1bito da conquista: Pare de desejar, comece a fazer e assuma o controle de sua vida<br>por Bernard Roth e Paula Diniz<\/p>\n\n\n\n<p><\/p>\n\n\n<div class=\"wp-block-image\">\n<figure class=\"aligncenter size-large\"><a href=\"https:\/\/luzemhisterio.com\/blog\/wp-content\/uploads\/2024\/04\/peixes.jpg\"><img loading=\"lazy\" decoding=\"async\" width=\"521\" height=\"1024\" src=\"https:\/\/luzemhisterio.com\/blog\/wp-content\/uploads\/2024\/04\/peixes-521x1024.jpg\" alt=\"\" class=\"wp-image-2542\" srcset=\"https:\/\/luzemhisterio.com\/blog\/wp-content\/uploads\/2024\/04\/peixes-521x1024.jpg 521w, https:\/\/luzemhisterio.com\/blog\/wp-content\/uploads\/2024\/04\/peixes-153x300.jpg 153w, https:\/\/luzemhisterio.com\/blog\/wp-content\/uploads\/2024\/04\/peixes.jpg 564w\" sizes=\"auto, (max-width: 521px) 100vw, 521px\" \/><\/a><figcaption>Vibra\u00e7\u00e3o da Constela\u00e7\u00e3o de Peixes<br> para Abril &#8211; 2024<\/figcaption><\/figure>\n<\/div>\n\n\n<p>PEIXES<br>Per\u00edodo Solar: 18 de fevereiro \u00e0 20 de mar\u00e7o<br>Previs\u00e3o de conscientiza\u00e7\u00e3o para Abril:<br>Voc\u00ea vibra:Ousadia<br>Neste m\u00eas a For\u00e7a que Move Montanhas ir\u00e1 Realizar seus Sonhos.A ousadia pessoal \u00e9 a chama que arde dentro agora dentro de voc\u00ea, impulsionando-o a ir al\u00e9m do que \u00e9 esperado, a desafiar limites e a perseguir seus sonhos com fervor e determina\u00e7\u00e3o. \u00c9 a for\u00e7a que te permite quebrar as barreiras do medo e da inseguran\u00e7a, tomar as r\u00e9deas da tua vida e construir o teu pr\u00f3prio caminho.<br>Trabalho: Novos projetos. N\u00e3o se arrisque demais financeiramente<br>Sa\u00fade: V\u00edcios, ansiedade,nervosismo,desiquil\u00edbrios ps\u00edquicos e emocionais podem afetar negativamente seu bem estar.<br>Espiritual: instabilidade energ\u00e9tica. Medite!<br>Amor: Emo\u00e7\u00f5es e afetos passageiros.<\/p>\n\n\n<div class=\"wp-block-image\">\n<figure class=\"aligncenter size-full\"><a href=\"https:\/\/luzemhisterio.com\/blog\/wp-content\/uploads\/2024\/04\/ousadia5.jpg\"><img loading=\"lazy\" decoding=\"async\" width=\"563\" height=\"717\" src=\"https:\/\/luzemhisterio.com\/blog\/wp-content\/uploads\/2024\/04\/ousadia5.jpg\" alt=\"\" class=\"wp-image-2544\" srcset=\"https:\/\/luzemhisterio.com\/blog\/wp-content\/uploads\/2024\/04\/ousadia5.jpg 563w, https:\/\/luzemhisterio.com\/blog\/wp-content\/uploads\/2024\/04\/ousadia5-236x300.jpg 236w\" sizes=\"auto, (max-width: 563px) 100vw, 563px\" \/><\/a><figcaption>Ousadia<\/figcaption><\/figure>\n<\/div>\n\n\n<p>Caracter\u00edsticas da ousadia pessoal:<br>Coragem: Enfrentar os desafios e obst\u00e1culos com bravura e determina\u00e7\u00e3o.<br>Confian\u00e7a em si mesmo: Acreditar em suas capacidades e na sua capacidade de alcan\u00e7ar seus objetivos.<br>Autoconfian\u00e7a: Ter f\u00e9 em si mesmo e no seu potencial ilimitado.<br>Resili\u00eancia: A capacidade de se recuperar dos contratempos e continuar lutando pelos seus sonhos.<br>Persist\u00eancia: A teimosia positiva que te faz persistir at\u00e9 alcan\u00e7ar seus objetivos.<br>Determina\u00e7\u00e3o: A for\u00e7a interior que te impulsiona a seguir em frente, mesmo quando as coisas ficam dif\u00edceis.<br>Atitude positiva: Manter uma vis\u00e3o otimista da vida e dos seus objetivos.<br>Proatividade: Tomar a iniciativa e agir para alcan\u00e7ar seus sonhos.<br>Iniciativa: A capacidade de come\u00e7ar algo novo e seguir em frente com seus planos.<br>Criatividade: Encontrar solu\u00e7\u00f5es inovadoras para os problemas e desafios da vida.<\/p>\n\n\n\n<p>Import\u00e2ncia da ousadia pessoal:<br>A ousadia pessoal permite que voc\u00ea alcance seus objetivos e sonhos.<br>A ousadia pessoal te torna uma pessoa mais forte e resiliente.<br>A ousadia pessoal aumenta sua autoestima e confian\u00e7a em si mesmo.<br>A ousadia pessoal te inspira a ser a melhor vers\u00e3o de si mesmo.<br>A ousadia pessoal te ajuda a construir uma vida mais plena e significativa.<\/p>\n\n\n\n<p>Como desenvolver a ousadia pessoal:<br>Defina metas e objetivos desafiadores.<br>Crie um plano de a\u00e7\u00e3o para alcan\u00e7ar seus objetivos.<br>Cerque-se de pessoas positivas que te apoiam.<br>Comemore suas conquistas, grandes e pequenas.<br>Aprenda com seus erros e continue tentando.<br>Mantenha uma atitude positiva e otimista.<br>Acredite em si mesmo e no seu potencial.<br>Enfrente seus medos e inseguran\u00e7as.<br>Saia da sua zona de conforto e experimente coisas novas.<br>Seja aut\u00eantico e expresse sua individualidade.<\/p>\n\n\n\n<p>A ousadia pessoal \u00e9 um processo cont\u00ednuo que exige pr\u00e1tica e persist\u00eancia. Mas a recompensa \u00e9 enorme: a realiza\u00e7\u00e3o dos seus sonhos, a felicidade de alcan\u00e7ar seus objetivos e a certeza de que voc\u00ea \u00e9 capaz de conquistar tudo o que deseja.<\/p>\n\n\n\n<p>Lembre-se: Voc\u00ea \u00e9 o her\u00f3i da sua pr\u00f3pria hist\u00f3ria. Acredite em si mesmo, trace seu caminho e lute com bravura para alcan\u00e7ar seus objetivos. A ousadia pessoal te espera do outro lado da jornada.<\/p>\n\n\n\n<p>Frases Afirmativas sobre Ousadia Pessoal<\/p>\n\n\n\n<p>Acendendo a Chama da Ousadia em Seu Cora\u00e7\u00e3o:<br>Eu sou uma pessoa ousada e capaz de alcan\u00e7ar meus objetivos.<br>Tenho a for\u00e7a interior necess\u00e1ria para superar qualquer obst\u00e1culo.<br>Acredito em mim mesmo e no meu potencial ilimitado.<br>Sou capaz de realizar grandes feitos, mesmo que pare\u00e7am imposs\u00edveis.<br>Enfrento meus medos com coragem e determina\u00e7\u00e3o.<br>N\u00e3o me permito ser limitado por cren\u00e7as limitantes.<br>Confio em meus instintos e tomo decis\u00f5es com ousadia.<br>Abro meu caminho com bravura e perseveran\u00e7a.<br>Sou corajoso e ousado em minhas a\u00e7\u00f5es.<br>Permito que a chama da ousadia me guie em dire\u00e7\u00e3o aos meus sonhos.<\/p>\n\n\n\n<p>Cultivando a Confian\u00e7a e a Determina\u00e7\u00e3o:<br>As dificuldades me servem como trampolim para o crescimento.<br>Os desafios me motivam a usar minha for\u00e7a e ousadia.<br>Eu me levanto ap\u00f3s cada queda e continuo lutando com mais for\u00e7a.<br>Minha persist\u00eancia \u00e9 inabal\u00e1vel e me leva \u00e0 vit\u00f3ria.<br>Nunca desistirei dos meus objetivos, pois sei que posso alcan\u00e7\u00e1-los.<br>Minha confian\u00e7a em mim mesmo cresce a cada passo que dou.<br>Meu foco \u00e9 inabal\u00e1vel e me mant\u00e9m firme em meus prop\u00f3sitos.<br>Tenho a paci\u00eancia necess\u00e1ria para esperar o momento certo.<br>A cada dia, me aproximo da realiza\u00e7\u00e3o dos meus sonhos.<\/p>\n\n\n\n<p>Mantendo uma Atitude Positiva e Vitoriosa:<br>Acredito que tudo \u00e9 poss\u00edvel se eu me dedicar e acreditar.<br>Tenho uma vis\u00e3o positiva da vida e dos meus objetivos.<br>O otimismo me impulsiona a seguir em frente, mesmo quando as coisas ficam dif\u00edceis.<br>Agrade\u00e7o pelas coisas boas que tenho em minha vida.<br>Celebro minhas conquistas, grandes e pequenas.<br>Mantenho uma atitude positiva e esperan\u00e7osa.<br>Visualizo meus objetivos j\u00e1 realizados e sinto a alegria do sucesso.<br>A f\u00e9 me guia e me fortalece em minha jornada.<br>Sou grato pela vida e por todas as oportunidades que ela me oferece.<\/p>\n\n\n\n<p>Algumas frases inspiradoras para te motivar:<\/p>\n\n\n\n<p>&#8220;Seja qual for o seu sonho, comece. Ousadia tem genialidade, poder e magia&#8221;.John Anster<\/p>\n\n\n\n<p>&#8220;Ideias ousadas s\u00e3o como as pe\u00e7as de xadrez que se movem para a frente; podem ser comidas, mas podem come\u00e7ar um jogo vitorioso.&#8221;Johann Goethe<\/p>\n\n\n\n<p>&#8220;Lute com determina\u00e7\u00e3o, abrace a vida com paix\u00e3o, perca com classe e ven\u00e7a com ousadia, porque o mundo pertence a quem se atreve e a vida \u00e9 muito para ser insignificante.&#8221;Augusto Branco<\/p>\n\n\n\n<p>&#8220;O sucesso sempre foi a cria\u00e7\u00e3o da ousadia.&#8221;Voltaire<\/p>\n\n\n\n<p>&#8220;Os sonhos fazem os t\u00edmidos darem golpes de ousadia.&#8221;Augusto Cury<\/p>\n\n\n\n<p>&#8220;Ganhe o respeito dos demais tendo a ousadia de ser voc\u00ea mesmo.&#8221;Dr. House<\/p>\n\n\n\n<p>Livros:<br>Risco Calculado. Aprenda a Decidir com Ousadia &#8211; por Ben Carson (Autor)<\/p>\n\n\n\n<p>Viver com ousadia: Uma abordagem cient\u00edfica para reprogramar a maneira como voc\u00ea lida com o desconforto e o estresse &#8211; por Luana Marques e Beatriz Medina<\/p>\n\n\n\n<p>Eu achava que isso s\u00f3 acontecia comigo: Como combater a cultura da vergonha e recuperar o poder e a coragem &#8211; por Bren\u00e9 Brown e Livia de Almeida<\/p>\n\n\n\n<p>Da Timidez \u00e0 Ousadia: Um Guia para Supera\u00e7\u00e3o da Timidez &#8211; por Daniel Buche<\/p>\n\n\n<div class=\"wp-block-image\">\n<figure class=\"aligncenter size-full\"><a href=\"https:\/\/luzemhisterio.com\/blog\/wp-content\/uploads\/2024\/04\/astrooraculoabril.jpg\"><img loading=\"lazy\" decoding=\"async\" width=\"564\" height=\"1017\" src=\"https:\/\/luzemhisterio.com\/blog\/wp-content\/uploads\/2024\/04\/astrooraculoabril.jpg\" alt=\"\" class=\"wp-image-2490\" srcset=\"https:\/\/luzemhisterio.com\/blog\/wp-content\/uploads\/2024\/04\/astrooraculoabril.jpg 564w, https:\/\/luzemhisterio.com\/blog\/wp-content\/uploads\/2024\/04\/astrooraculoabril-166x300.jpg 166w\" sizes=\"auto, (max-width: 564px) 100vw, 564px\" \/><\/a><figcaption>At\u00e9 Maio<\/figcaption><\/figure>\n<\/div>\n\n\n<p>Meu sincero abra\u00e7o<\/p>\n\n\n\n<p>Monica<\/p>\n","protected":false},"excerpt":{"rendered":"<p>Convido voc\u00ea a vivenciar a express\u00e3o das Constela\u00e7\u00f5es C\u00f3smicas.Nos n\u00edveis de exist\u00eancia<br \/>\nplanet\u00e1rios vamos buscar transcender o cotidiano<\/p>\n","protected":false},"author":2,"featured_media":2490,"comment_status":"closed","ping_status":"open","sticky":false,"template":"","format":"standard","meta":{"footnotes":""},"categories":[171,8],"tags":[516,600,106],"class_list":["post-2485","post","type-post","status-publish","format-standard","has-post-thumbnail","hentry","category-astro-oraculo","category-questao-de-ser","tag-astrooraculo","tag-previsoesastrologia-abril","tag-signos"],"_links":{"self":[{"href":"https:\/\/luzemhisterio.com\/blog\/wp-json\/wp\/v2\/posts\/2485","targetHints":{"allow":["GET"]}}],"collection":[{"href":"https:\/\/luzemhisterio.com\/blog\/wp-json\/wp\/v2\/posts"}],"about":[{"href":"https:\/\/luzemhisterio.com\/blog\/wp-json\/wp\/v2\/types\/post"}],"author":[{"embeddable":true,"href":"https:\/\/luzemhisterio.com\/blog\/wp-json\/wp\/v2\/users\/2"}],"replies":[{"embeddable":true,"href":"https:\/\/luzemhisterio.com\/blog\/wp-json\/wp\/v2\/comments?post=2485"}],"version-history":[{"count":17,"href":"https:\/\/luzemhisterio.com\/blog\/wp-json\/wp\/v2\/posts\/2485\/revisions"}],"predecessor-version":[{"id":2545,"href":"https:\/\/luzemhisterio.com\/blog\/wp-json\/wp\/v2\/posts\/2485\/revisions\/2545"}],"wp:featuredmedia":[{"embeddable":true,"href":"https:\/\/luzemhisterio.com\/blog\/wp-json\/wp\/v2\/media\/2490"}],"wp:attachment":[{"href":"https:\/\/luzemhisterio.com\/blog\/wp-json\/wp\/v2\/media?parent=2485"}],"wp:term":[{"taxonomy":"category","embeddable":true,"href":"https:\/\/luzemhisterio.com\/blog\/wp-json\/wp\/v2\/categories?post=2485"},{"taxonomy":"post_tag","embeddable":true,"href":"https:\/\/luzemhisterio.com\/blog\/wp-json\/wp\/v2\/tags?post=2485"}],"curies":[{"name":"wp","href":"https:\/\/api.w.org\/{rel}","templated":true}]}}