{"id":2552,"date":"2024-04-23T19:26:24","date_gmt":"2024-04-23T19:26:24","guid":{"rendered":"https:\/\/luzemhisterio.com\/blog\/?p=2552"},"modified":"2024-04-23T19:26:26","modified_gmt":"2024-04-23T19:26:26","slug":"salve-sao-jorge","status":"publish","type":"post","link":"https:\/\/luzemhisterio.com\/blog\/ritos-e-deuses\/salve-sao-jorge\/","title":{"rendered":"Salve! S\u00e3o Jorge!"},"content":{"rendered":"<div class=\"wp-block-image\">\n<figure class=\"aligncenter size-full\"><a href=\"https:\/\/luzemhisterio.com\/blog\/wp-content\/uploads\/2024\/04\/c0bfa0a5af3e86b7ddfafae3d15bb584.jpg\"><img loading=\"lazy\" decoding=\"async\" width=\"512\" height=\"720\" src=\"https:\/\/luzemhisterio.com\/blog\/wp-content\/uploads\/2024\/04\/c0bfa0a5af3e86b7ddfafae3d15bb584.jpg\" alt=\"\" class=\"wp-image-2553\" srcset=\"https:\/\/luzemhisterio.com\/blog\/wp-content\/uploads\/2024\/04\/c0bfa0a5af3e86b7ddfafae3d15bb584.jpg 512w, https:\/\/luzemhisterio.com\/blog\/wp-content\/uploads\/2024\/04\/c0bfa0a5af3e86b7ddfafae3d15bb584-213x300.jpg 213w\" sizes=\"auto, (max-width: 512px) 100vw, 512px\" \/><\/a><figcaption>S\u00e3o Jorge<\/figcaption><\/figure>\n<\/div>\n\n\n<p>A Magia de S\u00e3o Jorge: Uma Celebra\u00e7\u00e3o de F\u00e9, Tradi\u00e7\u00e3o e Bravura<br>Em 23 de abril, o mundo se une para celebrar a figura heroica de S\u00e3o Jorge, o santo guerreiro que se tornou s\u00edmbolo de f\u00e9, bravura e prote\u00e7\u00e3o. A data, feriado em diversos pa\u00edses, \u00e9 marcada por devo\u00e7\u00e3o, tradi\u00e7\u00f5es folcl\u00f3ricas e manifesta\u00e7\u00f5es culturais que celebram a for\u00e7a e a justi\u00e7a do santo cavaleiro.<br>S\u00e3o Jorge, nascido em Capad\u00f3cia no s\u00e9culo III, era um militar romano que se converteu ao cristianismo e se tornou um defensor ferrenho da f\u00e9. Sua bravura e devo\u00e7\u00e3o o levaram a diversos desafios, incluindo a luta contra um drag\u00e3o que aterrorizava uma cidade. Ao derrotar a criatura, S\u00e3o Jorge se tornou um s\u00edmbolo de for\u00e7a e prote\u00e7\u00e3o, inspirando crist\u00e3os em todo o mundo.<br>A devo\u00e7\u00e3o a S\u00e3o Jorge se manifesta de diversas formas, variando de acordo com a cultura e regi\u00e3o. No Brasil, a comemora\u00e7\u00e3o \u00e9 particularmente fervorosa, especialmente no Rio de Janeiro, onde o santo \u00e9 padroeiro da cidade.<\/p>\n\n\n\n<p>As tradi\u00e7\u00f5es incluem:<br>Missa Solene: Celebra\u00e7\u00f5es religiosas em igrejas e catedrais, com ora\u00e7\u00f5es, c\u00e2nticos e homenagens ao santo.<br>Prociss\u00f5es: Caminhadas pelas ruas com a imagem de S\u00e3o Jorge, reunindo fi\u00e9is e devotos em um ato de f\u00e9 e devo\u00e7\u00e3o.<br>Festas Folcl\u00f3ricas: Eventos com m\u00fasica, dan\u00e7a, comidas t\u00edpicas e apresenta\u00e7\u00f5es culturais que celebram a figura do santo.<br>Oferendas e Promessas: Fi\u00e9is agradecem as gra\u00e7as recebidas e fazem promessas ao santo em troca de sua prote\u00e7\u00e3o.<br>Uso de Cores e S\u00edmbolos: As cores azul e branca, presentes na bandeira de S\u00e3o Jorge, s\u00e3o frequentemente utilizadas em roupas, acess\u00f3rios e decora\u00e7\u00f5es. A imagem do santo cavaleiro montado em seu cavalo branco tamb\u00e9m \u00e9 um s\u00edmbolo popular.<\/p>\n\n\n\n<p>A f\u00e9 em S\u00e3o Jorge vai al\u00e9m das tradi\u00e7\u00f5es e celebra\u00e7\u00f5es. Para muitos, o santo representa um guia espiritual, uma fonte de for\u00e7a e prote\u00e7\u00e3o em momentos dif\u00edceis. Sua hist\u00f3ria inspira a bravura, a perseveran\u00e7a e a f\u00e9 inabal\u00e1vel nos valores crist\u00e3os.<br>A devo\u00e7\u00e3o a S\u00e3o Jorge \u00e9 uma express\u00e3o de f\u00e9 que transcende culturas e fronteiras.<br>A figura do santo guerreiro inspira valores como bravura, f\u00e9, perseveran\u00e7a e prote\u00e7\u00e3o.<br>As tradi\u00e7\u00f5es e celebra\u00e7\u00f5es do dia de S\u00e3o Jorge s\u00e3o um convite para fortalecer a f\u00e9, celebrar a vida e agradecer pelas b\u00ean\u00e7\u00e3os recebidas.<br>Que a magia de S\u00e3o Jorge esteja sempre presente em sua vida!<\/p>\n\n\n<div class=\"wp-block-image\">\n<figure class=\"aligncenter size-full\"><a href=\"https:\/\/luzemhisterio.com\/blog\/wp-content\/uploads\/2024\/04\/859182726408b43c934cf5615b4a8172.jpg\"><img loading=\"lazy\" decoding=\"async\" width=\"236\" height=\"419\" src=\"https:\/\/luzemhisterio.com\/blog\/wp-content\/uploads\/2024\/04\/859182726408b43c934cf5615b4a8172.jpg\" alt=\"\" class=\"wp-image-2554\" srcset=\"https:\/\/luzemhisterio.com\/blog\/wp-content\/uploads\/2024\/04\/859182726408b43c934cf5615b4a8172.jpg 236w, https:\/\/luzemhisterio.com\/blog\/wp-content\/uploads\/2024\/04\/859182726408b43c934cf5615b4a8172-169x300.jpg 169w\" sizes=\"auto, (max-width: 236px) 100vw, 236px\" \/><\/a><\/figure>\n<\/div>\n\n\n<p><strong>Ogunh\u00ea!<\/strong><\/p>\n","protected":false},"excerpt":{"rendered":"<p>Em 23 de abril, o mundo se une para celebrar a figura heroica de S\u00e3o Jorge.<\/p>\n","protected":false},"author":2,"featured_media":2553,"comment_status":"closed","ping_status":"open","sticky":false,"template":"","format":"standard","meta":{"footnotes":""},"categories":[3],"tags":[603,601,602],"class_list":["post-2552","post","type-post","status-publish","format-standard","has-post-thumbnail","hentry","category-ritos-e-deuses","tag-23-de-abril","tag-rituais","tag-sao-jorge"],"_links":{"self":[{"href":"https:\/\/luzemhisterio.com\/blog\/wp-json\/wp\/v2\/posts\/2552","targetHints":{"allow":["GET"]}}],"collection":[{"href":"https:\/\/luzemhisterio.com\/blog\/wp-json\/wp\/v2\/posts"}],"about":[{"href":"https:\/\/luzemhisterio.com\/blog\/wp-json\/wp\/v2\/types\/post"}],"author":[{"embeddable":true,"href":"https:\/\/luzemhisterio.com\/blog\/wp-json\/wp\/v2\/users\/2"}],"replies":[{"embeddable":true,"href":"https:\/\/luzemhisterio.com\/blog\/wp-json\/wp\/v2\/comments?post=2552"}],"version-history":[{"count":1,"href":"https:\/\/luzemhisterio.com\/blog\/wp-json\/wp\/v2\/posts\/2552\/revisions"}],"predecessor-version":[{"id":2555,"href":"https:\/\/luzemhisterio.com\/blog\/wp-json\/wp\/v2\/posts\/2552\/revisions\/2555"}],"wp:featuredmedia":[{"embeddable":true,"href":"https:\/\/luzemhisterio.com\/blog\/wp-json\/wp\/v2\/media\/2553"}],"wp:attachment":[{"href":"https:\/\/luzemhisterio.com\/blog\/wp-json\/wp\/v2\/media?parent=2552"}],"wp:term":[{"taxonomy":"category","embeddable":true,"href":"https:\/\/luzemhisterio.com\/blog\/wp-json\/wp\/v2\/categories?post=2552"},{"taxonomy":"post_tag","embeddable":true,"href":"https:\/\/luzemhisterio.com\/blog\/wp-json\/wp\/v2\/tags?post=2552"}],"curies":[{"name":"wp","href":"https:\/\/api.w.org\/{rel}","templated":true}]}}