{"id":2836,"date":"2024-12-18T18:03:16","date_gmt":"2024-12-18T18:03:16","guid":{"rendered":"https:\/\/luzemhisterio.com\/blog\/?p=2836"},"modified":"2025-09-03T21:29:31","modified_gmt":"2025-09-03T21:29:31","slug":"o-ano-de-2025-e-a-regencia-de-xango-e-iansa","status":"publish","type":"post","link":"https:\/\/luzemhisterio.com\/blog\/ritos-e-deuses\/o-ano-de-2025-e-a-regencia-de-xango-e-iansa\/","title":{"rendered":"O Ano de 2025 e a Reg\u00eancia de Xang\u00f4 e Ians\u00e3"},"content":{"rendered":"\n<figure class=\"wp-block-image size-full\"><a href=\"https:\/\/luzemhisterio.com\/blog\/wp-content\/uploads\/2024\/12\/iansaexango.webp\"><img loading=\"lazy\" decoding=\"async\" width=\"1024\" height=\"1024\" src=\"https:\/\/luzemhisterio.com\/blog\/wp-content\/uploads\/2024\/12\/iansaexango.webp\" alt=\"\" class=\"wp-image-2837\" srcset=\"https:\/\/luzemhisterio.com\/blog\/wp-content\/uploads\/2024\/12\/iansaexango.webp 1024w, https:\/\/luzemhisterio.com\/blog\/wp-content\/uploads\/2024\/12\/iansaexango-300x300.webp 300w, https:\/\/luzemhisterio.com\/blog\/wp-content\/uploads\/2024\/12\/iansaexango-150x150.webp 150w, https:\/\/luzemhisterio.com\/blog\/wp-content\/uploads\/2024\/12\/iansaexango-768x768.webp 768w, https:\/\/luzemhisterio.com\/blog\/wp-content\/uploads\/2024\/12\/iansaexango-50x50.webp 50w, https:\/\/luzemhisterio.com\/blog\/wp-content\/uploads\/2024\/12\/iansaexango-80x80.webp 80w, https:\/\/luzemhisterio.com\/blog\/wp-content\/uploads\/2024\/12\/iansaexango-120x120.webp 120w\" sizes=\"auto, (max-width: 1024px) 100vw, 1024px\" \/><\/a><\/figure>\n\n\n\n<p><\/p>\n\n\n\n<p>No universo espiritual e nas tradi\u00e7\u00f5es afro-brasileiras, como o Candombl\u00e9 e a Umbanda, cada ano \u00e9 marcado pela reg\u00eancia de orix\u00e1s, que trazem suas energias, influ\u00eancias e ensinamentos para guiar as pessoas. Em 2025, Xang\u00f4 e Ians\u00e3 ser\u00e3o apontados como os orix\u00e1s regentes, trazendo uma combina\u00e7\u00e3o poderosa de justi\u00e7a, for\u00e7a, transforma\u00e7\u00e3o e movimento.<br>Xang\u00f4 \u00e9 o orix\u00e1 da justi\u00e7a, da sabedoria e do equil\u00edbrio. Conhecido como o rei dos raios e trov\u00f5es, ele representa a autoridade e a imparcialidade, sendo um defensor das causas justas e protetor contra as injusti\u00e7as. Sua energia ser\u00e1 central em 2025, promovendo um ambiente prop\u00edcio para decis\u00f5es importantes e para a busca por harmonia e verdade.<br>O ano ser\u00e1 marcado por quest\u00f5es relacionadas \u00e0 justi\u00e7a social, \u00e0 equidade e ao cumprimento de responsabilidades.<br>Ser\u00e1 um momento de refletir sobre a\u00e7\u00f5es passadas e reparar erros, tanto em n\u00edvel pessoal quanto coletivo.<br>Xang\u00f4 \u00e9 um orix\u00e1 que exige clareza e verdade. Decis\u00f5es tomadas em 2025 tendem a ser definitivas, exigindo reflex\u00e3o e integridade.<br>A energia de Xang\u00f4 promove a sabedoria adquirida atrav\u00e9s de experi\u00eancias. Este \u00e9 um ano para aprender com os erros e crescer.<br>Relacionamento com a Natureza<br>Xang\u00f4 est\u00e1 associado \u00e0s pedras e montanhas. Sua presen\u00e7a refor\u00e7a a conex\u00e3o com a natureza e a necessidade de respeito ao meio ambiente.<br>Ians\u00e3, tamb\u00e9m conhecida como Oy\u00e1, \u00e9 a orix\u00e1 dos ventos, das tempestades e das transforma\u00e7\u00f5es. Ela \u00e9 a for\u00e7a que movimenta, desata n\u00f3s e traz mudan\u00e7as inevit\u00e1veis. Sua reg\u00eancia em 2025 complementar\u00e1 a energia de Xang\u00f4, trazendo dinamismo e coragem para enfrentar desafios.<br>Ians\u00e3 traz mudan\u00e7as r\u00e1pidas e muitas vezes inesperadas. Ser\u00e1 um ano de movimento e transi\u00e7\u00e3o, onde a adapta\u00e7\u00e3o ser\u00e1 essencial.<br>Sob a influ\u00eancia de Ians\u00e3, as pessoas ser\u00e3o incentivadas a enfrentar desafios com bravura e a lutar por seus ideais.<br>Ians\u00e3 \u00e9 conhecida por cortar la\u00e7os que n\u00e3o servem mais. 2025 ser\u00e1 um ano para deixar para tr\u00e1s o que n\u00e3o contribui para o crescimento e abrir espa\u00e7o para o novo.<br>Energia Feminina Poderosa<br>Como uma orix\u00e1 guerreira, Ians\u00e3 trar\u00e1 empoderamento e for\u00e7a para as mulheres e para aqueles que buscam afirmar sua autonomia.<br>A reg\u00eancia conjunta de Xang\u00f4 e Ians\u00e3 em 2025 promete um ano intenso, onde justi\u00e7a e transforma\u00e7\u00e3o estar\u00e3o lado a lado. Essa combina\u00e7\u00e3o de for\u00e7as traz tanto estabilidade quanto dinamismo, proporcionando oportunidades de crescimento e renova\u00e7\u00e3o.<br>Enquanto Xang\u00f4 busca a ordem e a justi\u00e7a, Ians\u00e3 movimenta os ventos para que transforma\u00e7\u00f5es necess\u00e1rias aconte\u00e7am.<br>Xang\u00f4 convida \u00e0 introspec\u00e7\u00e3o e \u00e0 an\u00e1lise cuidadosa antes de agir, enquanto Ians\u00e3 encoraja a coragem para tomar decis\u00f5es ousadas.<br>Fortalecimento Espiritual<br>Ser\u00e1 um ano de aprendizado espiritual, onde desafios podem surgir como li\u00e7\u00f5es importantes para o crescimento pessoal e coletivo.<br>Em n\u00edvel global, a reg\u00eancia de Xang\u00f4 e Ians\u00e3 pode simbolizar mudan\u00e7as significativas em quest\u00f5es sociais, pol\u00edticas e ambientais, com maior busca por justi\u00e7a e reformas necess\u00e1rias.<br>Pratique a honestidade e busque resolver conflitos de forma justa.<br>Abrace as mudan\u00e7as como parte do processo de evolu\u00e7\u00e3o pessoal.<br>Respeite a for\u00e7a dos elementos, como raios, ventos e tempestades, que representam os orix\u00e1s.<br>Trabalhe em a\u00e7\u00f5es para proteger o meio ambiente.<br>Empodere-se!<br>Use a for\u00e7a de Ians\u00e3 para se afirmar e buscar liberdade em \u00e1reas onde se sente limitado.<br>2025 ser\u00e1 um ano intenso e transformador, sob a reg\u00eancia de Xang\u00f4 e Ians\u00e3. Com coragem, sabedoria e conex\u00e3o espiritual, ser\u00e1 poss\u00edvel enfrentar desafios e colher os frutos de um caminho alinhado com a justi\u00e7a e o crescimento pessoal.<\/p>\n\n\n\n<p>Lindo Ano para n\u00f3s!<\/p>\n\n\n\n<p>Namast\u00ea!<\/p>\n","protected":false},"excerpt":{"rendered":"<p>Em 2025, Xang\u00f4 e Ians\u00e3 ser\u00e3o apontados como os orix\u00e1s regentes, trazendo uma combina\u00e7\u00e3o poderosa de justi\u00e7a, for\u00e7a, transforma\u00e7\u00e3o e movimento.<\/p>\n","protected":false},"author":2,"featured_media":2837,"comment_status":"closed","ping_status":"open","sticky":false,"template":"","format":"standard","meta":{"footnotes":""},"categories":[3],"tags":[369],"class_list":["post-2836","post","type-post","status-publish","format-standard","has-post-thumbnail","hentry","category-ritos-e-deuses","tag-ano-novo"],"_links":{"self":[{"href":"https:\/\/luzemhisterio.com\/blog\/wp-json\/wp\/v2\/posts\/2836","targetHints":{"allow":["GET"]}}],"collection":[{"href":"https:\/\/luzemhisterio.com\/blog\/wp-json\/wp\/v2\/posts"}],"about":[{"href":"https:\/\/luzemhisterio.com\/blog\/wp-json\/wp\/v2\/types\/post"}],"author":[{"embeddable":true,"href":"https:\/\/luzemhisterio.com\/blog\/wp-json\/wp\/v2\/users\/2"}],"replies":[{"embeddable":true,"href":"https:\/\/luzemhisterio.com\/blog\/wp-json\/wp\/v2\/comments?post=2836"}],"version-history":[{"count":1,"href":"https:\/\/luzemhisterio.com\/blog\/wp-json\/wp\/v2\/posts\/2836\/revisions"}],"predecessor-version":[{"id":2838,"href":"https:\/\/luzemhisterio.com\/blog\/wp-json\/wp\/v2\/posts\/2836\/revisions\/2838"}],"wp:featuredmedia":[{"embeddable":true,"href":"https:\/\/luzemhisterio.com\/blog\/wp-json\/wp\/v2\/media\/2837"}],"wp:attachment":[{"href":"https:\/\/luzemhisterio.com\/blog\/wp-json\/wp\/v2\/media?parent=2836"}],"wp:term":[{"taxonomy":"category","embeddable":true,"href":"https:\/\/luzemhisterio.com\/blog\/wp-json\/wp\/v2\/categories?post=2836"},{"taxonomy":"post_tag","embeddable":true,"href":"https:\/\/luzemhisterio.com\/blog\/wp-json\/wp\/v2\/tags?post=2836"}],"curies":[{"name":"wp","href":"https:\/\/api.w.org\/{rel}","templated":true}]}}