{"id":299,"date":"2011-11-11T16:29:05","date_gmt":"2011-11-11T16:29:05","guid":{"rendered":"http:\/\/luzemhisterio.com.br\/blog\/?p=299"},"modified":"2015-05-01T16:43:25","modified_gmt":"2015-05-01T16:43:25","slug":"a-rosa-do-deserto","status":"publish","type":"post","link":"https:\/\/luzemhisterio.com\/blog\/questao-de-ser\/essencial\/a-rosa-do-deserto\/","title":{"rendered":"A Rosa do Deserto"},"content":{"rendered":"<p style=\"text-align: justify;\"><img loading=\"lazy\" decoding=\"async\" class=\"aligncenter size-medium wp-image-300\" src=\"http:\/\/luzemhisterio.com.br\/blog\/wp-content\/uploads\/2015\/04\/rosa_do_deserto-300x275.jpg\" alt=\"rosa_do_deserto\" width=\"300\" height=\"275\" srcset=\"https:\/\/luzemhisterio.com\/blog\/wp-content\/uploads\/2015\/04\/rosa_do_deserto-300x275.jpg 300w, https:\/\/luzemhisterio.com\/blog\/wp-content\/uploads\/2015\/04\/rosa_do_deserto.jpg 400w\" sizes=\"auto, (max-width: 300px) 100vw, 300px\" \/><\/p>\n<p style=\"text-align: justify;\">Entrei em uma loja de produtos esot\u00e9ricos e um cristal piscou\u00a0para mim, jamais tinha visto um pequenino t\u00e3o lindo.<\/p>\n<p><!--more-->Ao toc\u00e1-lo o reconhecimento foi mutuo, ele se apresentou<\/p>\n<p style=\"text-align: justify;\">&#8211; Sou a Rosa do Deserto, venho do Saara.<br \/>\n&#8211; Prazer imenso&#8230; Voc\u00ea \u00e9 lindo! Qual o trabalho vibracional que\u00a0voc\u00ea desenvolve na terra, por que piscou pra mim?<br \/>\n&#8211; Bom&#8230; Serei a partir de agora seu amuleto m\u00e1gico, estou disposto\u00a0a aperfei\u00e7oar sua vibra\u00e7\u00e3o do corpo mental e inundar de Sol sua vida.<br \/>\n&#8211; Para isso, pe\u00e7o que me d\u00ea banhos de Sol quinzenais e as vezes me coloque\u00a0juntos as plantas, eu as amo e adores trocar vibra\u00e7\u00f5es.<\/p>\n<p style=\"text-align: justify;\">Bom! estou aqui feliz e saltitante com o meu mais novo amigo.<\/p>\n<h2 style=\"text-align: justify;\">Caracter\u00edsticas<\/h2>\n<p style=\"text-align: justify;\">A Rosa do Deserto \u00e9 uma variedade da Selenita.<br \/>\n\u00c9 uma pedra da mente e do Reino Angelical.<br \/>\nTraz capacidade mental e clareza, bem como aumento da percep\u00e7\u00e3o em todos os sentidos, inclusive o intuitivo.<\/p>\n<h2 style=\"text-align: justify;\">Utiliza\u00e7\u00e3o<\/h2>\n<p style=\"text-align: justify;\">Na Terapia de Cristais \u00e9 utilizada para acalmar a mente de distra\u00e7\u00f5es, traz foco.<br \/>\nMetafisicamente a Rosa do Deserto \u00e9 usada para dissolver &#8220;programas&#8221; que nossos\u00a0Egos insistem em usar e j\u00e1 est\u00e3o ultrapassados.<\/p>\n<p style=\"text-align: justify;\">\u00c9 \u00fatil na Medita\u00e7\u00e3o e em Afirma\u00e7\u00f5es.<br \/>\nPode ser usada acessar vidas passadas e futuras, ajudando a esclarecer os pensamentos\u00a0mais \u00edntimos e expandindo assim, o poder mental.<\/p>\n<ul>\n<li style=\"text-align: justify;\">Fornece flexibilidade<\/li>\n<li style=\"text-align: justify;\">Fortalece decis\u00f5es<\/li>\n<li style=\"text-align: justify;\">Alinha a coluna vertebral<\/li>\n<li style=\"text-align: justify;\">Remove bloqueios energ\u00e9ticos.<\/li>\n<li style=\"text-align: justify;\">Estabiliza dist\u00farbios energ\u00e9ticos<\/li>\n<li style=\"text-align: justify;\">Alivia o stress.<\/li>\n<li style=\"text-align: justify;\">Melhora a for\u00e7a de vontade.<\/li>\n<\/ul>\n","protected":false},"excerpt":{"rendered":"<p> Entrei em uma loja de produtos esot\u00e9ricos e um cristal piscou\u00a0para mim, jamais tinha visto um pequenino t\u00e3o lindo.<\/p>\n","protected":false},"author":2,"featured_media":300,"comment_status":"closed","ping_status":"open","sticky":false,"template":"","format":"standard","meta":{"footnotes":""},"categories":[96],"tags":[144,145,76],"class_list":["post-299","post","type-post","status-publish","format-standard","has-post-thumbnail","hentry","category-essencial","tag-cristais","tag-rosa-do-deserto","tag-terapia"],"_links":{"self":[{"href":"https:\/\/luzemhisterio.com\/blog\/wp-json\/wp\/v2\/posts\/299","targetHints":{"allow":["GET"]}}],"collection":[{"href":"https:\/\/luzemhisterio.com\/blog\/wp-json\/wp\/v2\/posts"}],"about":[{"href":"https:\/\/luzemhisterio.com\/blog\/wp-json\/wp\/v2\/types\/post"}],"author":[{"embeddable":true,"href":"https:\/\/luzemhisterio.com\/blog\/wp-json\/wp\/v2\/users\/2"}],"replies":[{"embeddable":true,"href":"https:\/\/luzemhisterio.com\/blog\/wp-json\/wp\/v2\/comments?post=299"}],"version-history":[{"count":4,"href":"https:\/\/luzemhisterio.com\/blog\/wp-json\/wp\/v2\/posts\/299\/revisions"}],"predecessor-version":[{"id":428,"href":"https:\/\/luzemhisterio.com\/blog\/wp-json\/wp\/v2\/posts\/299\/revisions\/428"}],"wp:featuredmedia":[{"embeddable":true,"href":"https:\/\/luzemhisterio.com\/blog\/wp-json\/wp\/v2\/media\/300"}],"wp:attachment":[{"href":"https:\/\/luzemhisterio.com\/blog\/wp-json\/wp\/v2\/media?parent=299"}],"wp:term":[{"taxonomy":"category","embeddable":true,"href":"https:\/\/luzemhisterio.com\/blog\/wp-json\/wp\/v2\/categories?post=299"},{"taxonomy":"post_tag","embeddable":true,"href":"https:\/\/luzemhisterio.com\/blog\/wp-json\/wp\/v2\/tags?post=299"}],"curies":[{"name":"wp","href":"https:\/\/api.w.org\/{rel}","templated":true}]}}