{"id":3476,"date":"2026-01-22T14:32:38","date_gmt":"2026-01-22T14:32:38","guid":{"rendered":"https:\/\/luzemhisterio.com\/blog\/?p=3476"},"modified":"2026-01-22T14:32:39","modified_gmt":"2026-01-22T14:32:39","slug":"dia-a-dia-21-de-janeiro","status":"publish","type":"post","link":"https:\/\/luzemhisterio.com\/blog\/diario-da-alquimista\/dia-a-dia\/dia-a-dia-21-de-janeiro\/","title":{"rendered":"Dia a dia &#8211;  21 de Janeiro"},"content":{"rendered":"\n<figure class=\"wp-block-image size-large\"><a href=\"https:\/\/luzemhisterio.com\/blog\/wp-content\/uploads\/2026\/01\/21-de-janeiro.png\"><img loading=\"lazy\" decoding=\"async\" width=\"683\" height=\"1024\" src=\"https:\/\/luzemhisterio.com\/blog\/wp-content\/uploads\/2026\/01\/21-de-janeiro-683x1024.png\" alt=\"\" class=\"wp-image-3479\" srcset=\"https:\/\/luzemhisterio.com\/blog\/wp-content\/uploads\/2026\/01\/21-de-janeiro-683x1024.png 683w, https:\/\/luzemhisterio.com\/blog\/wp-content\/uploads\/2026\/01\/21-de-janeiro-200x300.png 200w, https:\/\/luzemhisterio.com\/blog\/wp-content\/uploads\/2026\/01\/21-de-janeiro-768x1152.png 768w, https:\/\/luzemhisterio.com\/blog\/wp-content\/uploads\/2026\/01\/21-de-janeiro-600x900.png 600w, https:\/\/luzemhisterio.com\/blog\/wp-content\/uploads\/2026\/01\/21-de-janeiro-945x1418.png 945w, https:\/\/luzemhisterio.com\/blog\/wp-content\/uploads\/2026\/01\/21-de-janeiro.png 1024w\" sizes=\"auto, (max-width: 683px) 100vw, 683px\" \/><\/a><\/figure>\n\n\n\n<p class=\"has-text-align-left\"><strong>Em 21 de Janeiro diferentes caminhos espirituais se encontram, o sil\u00eancio do respeito revela que a paz \u00e9 a linguagem comum do sagrado.<\/strong><\/p>\n\n\n\n<p>Palavra do dia: Neste dia, honro o sil\u00eancio que ensina, o tempo que amadurece e a sabedoria ancestral que desperta em mim quando escolho caminhar com consci\u00eancia e verdade.<\/p>\n\n\n\n<p>Ritual do Dia: Ritual do dia: Ritual da Luz \u00danica &#8211; Paz\/Respeito\/Unidade<br>Escolha um local tranquilo. Respire profundamente tr\u00eas vezes, permitindo que o corpo desacelere.<br>Verbalize: \u201cHonro todos os caminhos que buscam o sagrado.<br>Que a luz seja maior que as diferen\u00e7as.\u201d<br>Feche os olhos e visualize pessoas de diferentes culturas, religi\u00f5es e tradi\u00e7\u00f5es reunidas em um mesmo c\u00edrculo.<br>Elas n\u00e3o discutem \u2014 escutam. Elas n\u00e3o competem \u2014 respeitam.<br>Diga lentamente: Que nenhuma f\u00e9 seja usada como arma. Que toda cren\u00e7a lembre o valor da vida. Que o amor seja maior que qualquer doutrina.<br>Permane\u00e7a alguns instantes sentindo essa imagem.<br>E Lembre-se sempre que: \u201cA paz come\u00e7a em mim e se estende ao mundo.\u201d<br>Cada gesto de respeito enfraquece a guerra. Cada cora\u00e7\u00e3o em paz fortalece o mundo.<\/p>\n\n\n<div class=\"wp-block-image\">\n<figure class=\"aligncenter size-large\"><a href=\"https:\/\/luzemhisterio.com\/blog\/wp-content\/uploads\/2026\/01\/21-janeiro-1.png\"><img loading=\"lazy\" decoding=\"async\" width=\"683\" height=\"1024\" src=\"https:\/\/luzemhisterio.com\/blog\/wp-content\/uploads\/2026\/01\/21-janeiro-1-683x1024.png\" alt=\"\" class=\"wp-image-3480\" srcset=\"https:\/\/luzemhisterio.com\/blog\/wp-content\/uploads\/2026\/01\/21-janeiro-1-683x1024.png 683w, https:\/\/luzemhisterio.com\/blog\/wp-content\/uploads\/2026\/01\/21-janeiro-1-200x300.png 200w, https:\/\/luzemhisterio.com\/blog\/wp-content\/uploads\/2026\/01\/21-janeiro-1-768x1152.png 768w, https:\/\/luzemhisterio.com\/blog\/wp-content\/uploads\/2026\/01\/21-janeiro-1-600x900.png 600w, https:\/\/luzemhisterio.com\/blog\/wp-content\/uploads\/2026\/01\/21-janeiro-1-945x1418.png 945w, https:\/\/luzemhisterio.com\/blog\/wp-content\/uploads\/2026\/01\/21-janeiro-1.png 1024w\" sizes=\"auto, (max-width: 683px) 100vw, 683px\" \/><\/a><\/figure>\n<\/div>\n\n\n<p class=\"has-text-align-center\"><strong>Neste dia Plante Amor &#8211; Dia das Religi\u00f5es<\/strong><\/p>\n\n\n\n<p>21 de Janeiro \u2014 Dia da Religi\u00e3o<\/p>\n\n\n\n<p>O dia 21 de janeiro convida \u00e0 contempla\u00e7\u00e3o do sagrado em suas m\u00faltiplas formas. Celebrar o Dia da Religi\u00e3o n\u00e3o \u00e9 exaltar uma cren\u00e7a espec\u00edfica, mas reconhecer o impulso humano universal de buscar sentido, transcend\u00eancia e conex\u00e3o com algo maior do que n\u00f3s mesmos.<br>Religi\u00e3o, em sua ess\u00eancia mais profunda, nasce do desejo de compreender a vida, honrar o mist\u00e9rio da exist\u00eancia e cultivar valores que orientem o cora\u00e7\u00e3o: respeito, compaix\u00e3o, \u00e9tica, amor e responsabilidade. Ao longo da hist\u00f3ria, diferentes povos expressaram essa busca por meio de s\u00edmbolos, rituais, mitos e ensinamentos \u2014 todos tentando traduzir o invis\u00edvel em linguagem humana.<br>Este dia nos lembra que as religi\u00f5es, quando vividas com consci\u00eancia, n\u00e3o separam: aproximam. Elas oferecem caminhos diversos para um mesmo prop\u00f3sito \u2014 o crescimento espiritual, o cuidado com o outro e o reconhecimento da sacralidade da vida. Mais do que dogmas, a verdadeira religiosidade se revela nas atitudes di\u00e1rias, na forma como tratamos as pessoas, a natureza e a n\u00f3s mesmos.<br>O Dia da Religi\u00e3o \u00e9, portanto, um convite \u00e0 toler\u00e2ncia, ao di\u00e1logo e \u00e0 escuta. Um chamado para respeitar a f\u00e9 do outro sem abrir m\u00e3o da pr\u00f3pria verdade, entendendo que o sagrado se manifesta de maneiras diferentes, mas fala a uma mesma dimens\u00e3o do ser.<br>Que este 21 de janeiro inspire uma espiritualidade mais consciente, livre de imposi\u00e7\u00f5es, e nos lembre que o caminho religioso mais elevado \u00e9 aquele que transforma o cora\u00e7\u00e3o e promove paz, dentro e fora de n\u00f3s.<\/p>\n\n\n\n<p><strong>Medita\u00e7\u00e3o Dirigida \u2014 O Perd\u00e3o que Cura o Mundo<\/strong><br>Encontre uma posi\u00e7\u00e3o confort\u00e1vel. Sente-se ou deite-se com a coluna ereta.<br>Feche os olhos suavemente. Respire profundamente\u2026 Ao inspirar, acolha a vida.<br>Ao expirar, solte o peso que n\u00e3o precisa mais carregar.<br>Traga agora sua aten\u00e7\u00e3o ao cora\u00e7\u00e3o. Imagine uma luz suave surgindo ali \u2014 n\u00e3o pertence a nenhuma religi\u00e3o, n\u00e3o tem nome, apenas \u00e9.<br>A cada respira\u00e7\u00e3o, essa luz cresce.<br>Visualize agora o planeta Terra \u00e0 sua frente.<br>Veja continentes, oceanos, povos, culturas, templos, cren\u00e7as, caminhos espirituais diversos. Todos compartilhando o mesmo ch\u00e3o, o mesmo c\u00e9u.<br>Reconhe\u00e7a, com honestidade, que onde h\u00e1 f\u00e9, tamb\u00e9m houve dor.<br>Onde houve devo\u00e7\u00e3o, tamb\u00e9m houve conflito.<br>Permita-se sentir compaix\u00e3o \u2014 n\u00e3o culpa, n\u00e3o julgamento.<br>Agora, silenciosamente, diga: \u201cEu escolho o perd\u00e3o.\u201d<br>Perd\u00e3o \u00e0s palavras que feriram em nome do sagrado.<br>Perd\u00e3o \u00e0s a\u00e7\u00f5es que separaram em nome da verdade.<br>Perd\u00e3o \u00e0s guerras travadas em nome de Cren\u00e7as.<br>Imagine a luz do seu cora\u00e7\u00e3o se expandindo e envolvendo o planeta.<br>Ela toca l\u00edderes, fi\u00e9is, descrentes, v\u00edtimas e agressores.<br>N\u00e3o apaga a hist\u00f3ria \u2014 cura suas feridas.<br>Repita, no seu ritmo:<br>Que o \u00f3dio seja transformado em compreens\u00e3o.<br>Que a f\u00e9 volte a ser ponte, n\u00e3o arma.<br>Que o amor seja maior do que qualquer doutrina.<br>Sinta essa luz dissolvendo muros invis\u00edveis.<br>Religi\u00f5es deixam de se enfrentar e passam a escutar.<br>Diferen\u00e7as permanecem, mas a viol\u00eancia se desfaz.<br>Agora traga o perd\u00e3o tamb\u00e9m para dentro de voc\u00ea.<br>Se em algum momento julgou, rejeitou ou foi rejeitada(o), acolha-se.<br>Diga internamente: \u201cEu perdoo e sou perdoada(o). Sou parte da humanidade que aprende.\u201d<br>Permane\u00e7a alguns instantes em sil\u00eancio.<br>Quando estiver pronta(o), inspire profundamente. Ao expirar, ancore essa paz no corpo. Movimente suavemente m\u00e3os e p\u00e9s. Abra os olhos.<br>Leve consigo a certeza: cada cora\u00e7\u00e3o que escolhe o perd\u00e3o enfraquece a guerra. E a paz come\u00e7a exatamente em seu doce cora\u00e7\u00e3o.<\/p>\n\n\n<div class=\"wp-block-image\">\n<figure class=\"aligncenter size-large\"><a href=\"https:\/\/luzemhisterio.com\/blog\/wp-content\/uploads\/2026\/01\/yagona-1.png\"><img loading=\"lazy\" decoding=\"async\" width=\"683\" height=\"1024\" src=\"https:\/\/luzemhisterio.com\/blog\/wp-content\/uploads\/2026\/01\/yagona-1-683x1024.png\" alt=\"\" class=\"wp-image-3481\" srcset=\"https:\/\/luzemhisterio.com\/blog\/wp-content\/uploads\/2026\/01\/yagona-1-683x1024.png 683w, https:\/\/luzemhisterio.com\/blog\/wp-content\/uploads\/2026\/01\/yagona-1-200x300.png 200w, https:\/\/luzemhisterio.com\/blog\/wp-content\/uploads\/2026\/01\/yagona-1-768x1152.png 768w, https:\/\/luzemhisterio.com\/blog\/wp-content\/uploads\/2026\/01\/yagona-1-600x900.png 600w, https:\/\/luzemhisterio.com\/blog\/wp-content\/uploads\/2026\/01\/yagona-1-945x1418.png 945w, https:\/\/luzemhisterio.com\/blog\/wp-content\/uploads\/2026\/01\/yagona-1.png 1024w\" sizes=\"auto, (max-width: 683px) 100vw, 683px\" \/><\/a><\/figure>\n<\/div>\n\n\n<p class=\"has-text-align-center\"><strong>Em 21 de Janeiro \u2014 Celebre Yagona, a Anci\u00e3 do Norte (Dinamarca)<\/strong><\/p>\n\n\n\n<p>Yagona, figura ancestral das tradi\u00e7\u00f5es do Norte, associada \u00e0 anci\u00e3 s\u00e1bia, \u00e0 guardi\u00e3 dos limiares e ao conhecimento que nasce da experi\u00eancia. Yagona representa o feminino maduro que atravessou o inverno da vida e, justamente por isso, conhece os caminhos da resist\u00eancia, da escuta profunda e da transforma\u00e7\u00e3o silenciosa.<br>Sua energia \u00e9 invernal e l\u00facida. N\u00e3o corre, n\u00e3o for\u00e7a, n\u00e3o seduz \u2014 sustenta. Yagona ensina que a sabedoria verdadeira se revela quando aprendemos a esperar, a observar e a integrar o que fomos com o que estamos nos tornando. \u00c9 a for\u00e7a que se mant\u00e9m acesa mesmo nos dias mais escuros.<\/p>\n\n\n\n<p>Celebrar Yagona neste dia \u00e9 honrar: a mem\u00f3ria ancestral &#8211; a sabedoria do tempo &#8211; a capacidade de atravessar crises com dignidade &#8211; o conhecimento que nasce do sil\u00eancio.<br>\u00c9 um convite para ouvir mais, falar menos e confiar na matura\u00e7\u00e3o natural da alma. Yagona nos lembra que o inverno n\u00e3o \u00e9 vazio \u2014 \u00e9 gesta\u00e7\u00e3o.<br>Inten\u00e7\u00e3o para o dia: &#8220;Que eu honre minha hist\u00f3ria, confie no tempo e permita que a sabedoria que habita em mim se revele com calma e verdade.&#8221;<br>Que a presen\u00e7a de Yagona inspire este dia de recolhimento consciente, clareza interior e respeito aos ciclos \u2014 porque tudo o que \u00e9 profundo sabe esperar.<\/p>\n\n\n\n<p>Mantras para inspirar este dia:<br>Yagona, M\u00e3e do Inverno, guarda-me no tempo certo.<br>No sil\u00eancio eu escuto, na espera eu amadure\u00e7o.<br>Eu atravesso o frio com consci\u00eancia e dignidade.<br>A sabedoria antiga vive em mim.<br>Tudo se revela quando est\u00e1 pronto.<\/p>\n\n\n\n<p>Afirma\u00e7\u00f5es para o Dia:<br>Honro minha hist\u00f3ria e tudo o que vivi.<br>Confio no tempo e nos ciclos da vida.<br>Minha maturidade \u00e9 minha for\u00e7a.<br>No recolhimento, encontro clareza.<br>A sabedoria cresce em mim em sil\u00eancio.<br>N\u00e3o preciso apressar o que est\u00e1 amadurecendo.<br>Sou guardi\u00e3(o) da minha pr\u00f3pria verdade.<br>Que Yagona me ensine a esperar sem medo, a ouvir sem pressa e a caminhar com a firmeza de quem j\u00e1 atravessou o inverno.<br>Que este, seja um dia de presen\u00e7a profunda, respeito ao tempo e honra \u00e0 sabedoria que s\u00f3 a vida vivida pode oferecer.<\/p>\n\n\n\n<p>Namast\u00ea!<\/p>\n\n\n\n<p><\/p>\n","protected":false},"excerpt":{"rendered":"<p>Em 21 de Janeiro diferentes caminhos espirituais se encontram, o sil\u00eancio do respeito revela que a paz \u00e9 a linguagem comum do sagrado.<\/p>\n","protected":false},"author":2,"featured_media":3479,"comment_status":"closed","ping_status":"open","sticky":false,"template":"","format":"standard","meta":{"footnotes":""},"categories":[693],"tags":[737,739,738,25],"class_list":["post-3476","post","type-post","status-publish","format-standard","has-post-thumbnail","hentry","category-dia-a-dia","tag-21-de-janeiro","tag-dia-da-deusa-yagona","tag-dia-das-religioes","tag-meditacao"],"_links":{"self":[{"href":"https:\/\/luzemhisterio.com\/blog\/wp-json\/wp\/v2\/posts\/3476","targetHints":{"allow":["GET"]}}],"collection":[{"href":"https:\/\/luzemhisterio.com\/blog\/wp-json\/wp\/v2\/posts"}],"about":[{"href":"https:\/\/luzemhisterio.com\/blog\/wp-json\/wp\/v2\/types\/post"}],"author":[{"embeddable":true,"href":"https:\/\/luzemhisterio.com\/blog\/wp-json\/wp\/v2\/users\/2"}],"replies":[{"embeddable":true,"href":"https:\/\/luzemhisterio.com\/blog\/wp-json\/wp\/v2\/comments?post=3476"}],"version-history":[{"count":1,"href":"https:\/\/luzemhisterio.com\/blog\/wp-json\/wp\/v2\/posts\/3476\/revisions"}],"predecessor-version":[{"id":3482,"href":"https:\/\/luzemhisterio.com\/blog\/wp-json\/wp\/v2\/posts\/3476\/revisions\/3482"}],"wp:featuredmedia":[{"embeddable":true,"href":"https:\/\/luzemhisterio.com\/blog\/wp-json\/wp\/v2\/media\/3479"}],"wp:attachment":[{"href":"https:\/\/luzemhisterio.com\/blog\/wp-json\/wp\/v2\/media?parent=3476"}],"wp:term":[{"taxonomy":"category","embeddable":true,"href":"https:\/\/luzemhisterio.com\/blog\/wp-json\/wp\/v2\/categories?post=3476"},{"taxonomy":"post_tag","embeddable":true,"href":"https:\/\/luzemhisterio.com\/blog\/wp-json\/wp\/v2\/tags?post=3476"}],"curies":[{"name":"wp","href":"https:\/\/api.w.org\/{rel}","templated":true}]}}