{"id":3483,"date":"2026-01-22T16:39:17","date_gmt":"2026-01-22T16:39:17","guid":{"rendered":"https:\/\/luzemhisterio.com\/blog\/?p=3483"},"modified":"2026-01-23T14:53:00","modified_gmt":"2026-01-23T14:53:00","slug":"dia-a-dia-celebre-22-de-janeiro","status":"publish","type":"post","link":"https:\/\/luzemhisterio.com\/blog\/destaques\/dia-a-dia-celebre-22-de-janeiro\/","title":{"rendered":"Dia a dia &#8211; Celebre 22 de Janeiro"},"content":{"rendered":"<div class=\"wp-block-image\">\n<figure class=\"aligncenter size-large\"><a href=\"https:\/\/luzemhisterio.com\/blog\/wp-content\/uploads\/2026\/01\/22janeiro.png\"><img loading=\"lazy\" decoding=\"async\" width=\"1024\" height=\"683\" src=\"https:\/\/luzemhisterio.com\/blog\/wp-content\/uploads\/2026\/01\/22janeiro-1024x683.png\" alt=\"\" class=\"wp-image-3484\" srcset=\"https:\/\/luzemhisterio.com\/blog\/wp-content\/uploads\/2026\/01\/22janeiro-1024x683.png 1024w, https:\/\/luzemhisterio.com\/blog\/wp-content\/uploads\/2026\/01\/22janeiro-300x200.png 300w, https:\/\/luzemhisterio.com\/blog\/wp-content\/uploads\/2026\/01\/22janeiro-768x512.png 768w, https:\/\/luzemhisterio.com\/blog\/wp-content\/uploads\/2026\/01\/22janeiro-600x400.png 600w, https:\/\/luzemhisterio.com\/blog\/wp-content\/uploads\/2026\/01\/22janeiro-945x630.png 945w, https:\/\/luzemhisterio.com\/blog\/wp-content\/uploads\/2026\/01\/22janeiro.png 1536w\" sizes=\"auto, (max-width: 1024px) 100vw, 1024px\" \/><\/a><\/figure>\n<\/div>\n\n\n<p class=\"has-text-align-center\"><strong>22 de Janeiro \u2013 Um Dia de Luz, Inspira\u00e7\u00e3o e Ra\u00edzes Ancestrais<\/strong><\/p>\n\n\n\n<p>No calend\u00e1rio sutil da alma, este dia se revela como um dia de rara converg\u00eancia espiritual. Um portal onde diferentes culturas, tempos e mitologias se encontram para nos lembrar de algo essencial: a vida floresce quando h\u00e1 consci\u00eancia, cria\u00e7\u00e3o e enraizamento.<br>Neste dia, a humanidade honra for\u00e7as que atravessam civiliza\u00e7\u00f5es e continuam vivas no simb\u00f3lico, no inconsciente e no cora\u00e7\u00e3o sens\u00edvel de quem escuta os sinais.<br>Celebramos as Musas, filhas da Mem\u00f3ria, guardi\u00e3s da inspira\u00e7\u00e3o, da arte, da palavra e da criatividade sagrada. Elas nos recordam que criar \u00e9 lembrar quem somos, e que toda express\u00e3o aut\u00eantica \u00e9 um ato espiritual.<br>Honramos Mawu, a Grande M\u00e3e africana, deusa lunar da cria\u00e7\u00e3o e do equil\u00edbrio, que sustenta o mundo com suavidade, cuidado e sabedoria. Sua presen\u00e7a nos convida a respeitar os ciclos, a nutrir o que est\u00e1 em gesta\u00e7\u00e3o e a confiar no tempo da vida.<br>Recordamos Asherah, a antiga deusa canaanita, a \u00c1rvore da Vida, cuja ess\u00eancia atravessou os s\u00e9culos e ressoa hoje no Festival das \u00c1rvores (Tu BiShvat). Ela nos reconecta \u00e0s ra\u00edzes, \u00e0 Terra viva, \u00e0 abund\u00e2ncia que nasce do cuidado cont\u00ednuo e silencioso.<br>E sob a luz dourada do Olimpo, celebramos Apolo, deus do Sol, da harmonia, da m\u00fasica e da consci\u00eancia. Sua vibra\u00e7\u00e3o nos chama \u00e0 clareza, ao alinhamento entre pensamento, palavra e a\u00e7\u00e3o, lembrando que a verdadeira luz \u00e9 aquela que ilumina o interior.<br>Este \u00e9 um dia de integra\u00e7\u00e3o: entre c\u00e9u e Terra, entre inspira\u00e7\u00e3o e a\u00e7\u00e3o, entre cuidado e clareza, entre ra\u00edzes profundas e ramos que se elevam.<\/p>\n\n\n\n<p><strong>Palavra do dia<\/strong>: Entre ra\u00edzes que sustentam, luz que esclarece e inspira\u00e7\u00e3o que cria, a alma recorda quem \u00e9 e floresce no seu pr\u00f3prio tempo.<\/p>\n\n\n\n<p><strong>Ritual do dia<\/strong>: Um gesto simples para alinhar inspira\u00e7\u00e3o, enraizamento e clareza.<br>Voc\u00ea vai precisar de: um copo com \u00e1gua\/uma planta, flor ou uma folha (pode ser de um jardim ou vaso)\/um papel pequeno e uma caneta<br>Coloque a planta ou folha \u00e0 sua frente e o copo de \u00e1gua ao lado.<br>Respire fundo tr\u00eas vezes, desacelerando o corpo. Toque a \u00e1gua com as duas m\u00e3os e diga em voz baixa ou em pensamento: \u201cHonro a vida que flui, nutre e sustenta.\u201d Segure a folha ou a planta por alguns instantes, sentindo suas ra\u00edzes invis\u00edveis. Diga: \u201cHonro minhas ra\u00edzes e o tempo do meu crescimento.\u201d<br>No papel, escreva uma palavra que represente clareza, cria\u00e7\u00e3o ou equil\u00edbrio<br>(ex.: verdade, harmonia, inspira\u00e7\u00e3o, presen\u00e7a).<br>Leve o papel ao cora\u00e7\u00e3o e diga: \u201cQue esta qualidade ilumine meus dias e minhas escolhas.\u201d<br>Beba a \u00e1gua lentamente, com aten\u00e7\u00e3o plena.<br>Coloque as m\u00e3os no cora\u00e7\u00e3o e apenas sinta. N\u00e3o pe\u00e7a nada. Apenas reconhe\u00e7a.<br>Neste dia, o sagrado se manifesta nos gestos simples.<\/p>\n\n\n<div class=\"wp-block-image\">\n<figure class=\"aligncenter size-large\"><a href=\"https:\/\/luzemhisterio.com\/blog\/wp-content\/uploads\/2026\/01\/musas.png\"><img loading=\"lazy\" decoding=\"async\" width=\"683\" height=\"1024\" src=\"https:\/\/luzemhisterio.com\/blog\/wp-content\/uploads\/2026\/01\/musas-683x1024.png\" alt=\"\" class=\"wp-image-3485\" srcset=\"https:\/\/luzemhisterio.com\/blog\/wp-content\/uploads\/2026\/01\/musas-683x1024.png 683w, https:\/\/luzemhisterio.com\/blog\/wp-content\/uploads\/2026\/01\/musas-200x300.png 200w, https:\/\/luzemhisterio.com\/blog\/wp-content\/uploads\/2026\/01\/musas-768x1152.png 768w, https:\/\/luzemhisterio.com\/blog\/wp-content\/uploads\/2026\/01\/musas-600x900.png 600w, https:\/\/luzemhisterio.com\/blog\/wp-content\/uploads\/2026\/01\/musas-945x1418.png 945w, https:\/\/luzemhisterio.com\/blog\/wp-content\/uploads\/2026\/01\/musas.png 1024w\" sizes=\"auto, (max-width: 683px) 100vw, 683px\" \/><\/a><\/figure>\n<\/div>\n\n\n<p class=\"has-text-align-center\"><strong>No dia 22 de janeiro, o tempo se curva \u00e0 inspira\u00e7\u00e3o.<br>\u00c9 o Dia consagrado \u00e0s Musas, as nove filhas da Mem\u00f3ria, guardi\u00e3s do sopro criativo que atravessa a arte, a palavra, o gesto e o pensamento.<\/strong><\/p>\n\n\n\n<p>As Musas n\u00e3o criam por n\u00f3s \u2014 elas despertam.<br>Sussurram ideias ao ouvido atento, acendem imagens no cora\u00e7\u00e3o sens\u00edvel, fazem da alma um instrumento afinado. S\u00e3o a poesia antes do verso, a m\u00fasica antes do som, a dan\u00e7a antes do corpo se mover. Onde h\u00e1 cria\u00e7\u00e3o verdadeira, h\u00e1 uma Musa presente, ainda que invis\u00edvel.<br>Celebrar este dia \u00e9 honrar o direito sagrado de expressar quem somos.<br>\u00c9 permitir que a inspira\u00e7\u00e3o flua sem censura, sem pressa, sem necessidade de perfei\u00e7\u00e3o. As Musas visitam quem se disp\u00f5e a escutar, quem abre espa\u00e7o para o brincar criativo, para o sil\u00eancio f\u00e9rtil, para a curiosidade viva.<br>Este \u00e9 um dia prop\u00edcio para: escrever sem destino, desenhar sem forma definida,<br>cantar mesmo sem plateia, criar apenas pelo prazer de criar.<br>As Musas nos lembram que a criatividade \u00e9 uma ponte entre o humano e o divino.<br>Quando criamos, lembramos de n\u00f3s mesmos. Quando lembramos, curamos.<br>Quando curamos, inspiramos outros.<br>Na tradi\u00e7\u00e3o da Gr\u00e9cia Antiga, existem nove Musas, filhas de Mnemosine (a Mem\u00f3ria) e de Zeus. Elas representam as artes, os saberes e as formas elevadas de express\u00e3o do esp\u00edrito humano. Cada uma guarda um campo espec\u00edfico da inspira\u00e7\u00e3o.<br>As Nove Musas s\u00e3o:<br>Cal\u00edope \u2013 Musa da poesia \u00e9pica e da eloqu\u00eancia<br>Inspira a palavra que narra destinos e grandes jornadas.<br>Clio \u2013 Musa da Hist\u00f3ria<br>Guardi\u00e3 da mem\u00f3ria dos povos, dos fatos e do tempo vivido.<br>\u00c9rato \u2013 Musa da poesia l\u00edrica e amorosa<br>Sopra o amor, o desejo e a beleza das rela\u00e7\u00f5es.<br>Euterpe \u2013 Musa da m\u00fasica e da flauta<br>Traz leveza, ritmo e alegria ao cora\u00e7\u00e3o humano.<br>Melp\u00f4mene \u2013 Musa da trag\u00e9dia<br>Revela a profundidade da alma, a dor que ensina e transforma.<br>Pol\u00edmnia \u2013 Musa dos hinos sagrados, da ret\u00f3rica e da contempla\u00e7\u00e3o<br>Conecta a palavra ao sagrado e ao sil\u00eancio interior.<br>T\u00e1lia \u2013 Musa da com\u00e9dia e da poesia pastoral<br>Celebra o riso, a leveza e a cura atrav\u00e9s da alegria.<br>Terps\u00edcore \u2013 Musa da dan\u00e7a e do movimento<br>Inspira o corpo a expressar o invis\u00edvel.<br>Ur\u00e2nia \u2013 Musa da astronomia e da sabedoria celeste<br>Eleva o olhar para os mist\u00e9rios do cosmos e da ordem universal.<br>Juntas, as Musas nos lembram que toda cria\u00e7\u00e3o nasce da mem\u00f3ria da alma<br>e que expressar-se \u00e9 uma forma de recordar quem somos.<br>Celebr\u00e1-las \u00e9 honrar a arte de viver com sentido, beleza e verdade.<br>Que neste 22 de janeiro, cada gesto seja um poema,<br>cada pensamento uma semente, e cada cria\u00e7\u00e3o, um ato de devo\u00e7\u00e3o \u00e0 pr\u00f3pria alma.<br>Deixe que estas palavras sejam entoadas em voz baixa, escritas no di\u00e1rio ou apenas sentidas no cora\u00e7\u00e3o. As Musas escutam a inten\u00e7\u00e3o antes do som.<br><strong>Mantras das Musas<\/strong>: Eu me abro ao sopro criativo que me atravessa.<br>A inspira\u00e7\u00e3o flui em mim como mem\u00f3ria sagrada.<br>Crio porque existo, existo porque crio.<br>As Musas me visitam quando sou verdadeiro.<br>Minha alma lembra o caminho da beleza.<br>A palavra nasce em mim viva e luminosa.<br>Honro o sil\u00eancio de onde brota a cria\u00e7\u00e3o.<br><strong>Afirma\u00e7\u00f5es para Ancorar a Inspira\u00e7\u00e3o<\/strong>: Eu confio na minha express\u00e3o \u00fanica.<br>A criatividade se manifesta em mim com leveza e alegria. Permito-me criar sem medo de errar. Minha imagina\u00e7\u00e3o \u00e9 f\u00e9rtil e generosa. Dou forma ao invis\u00edvel com amor. O belo se revela atrav\u00e9s de mim. Sou canal da inspira\u00e7\u00e3o que eleva e cura.<br><strong>Afirma\u00e7\u00f5es de Conex\u00e3o com as Musas<\/strong>: As Musas caminham comigo quando sigo meu cora\u00e7\u00e3o. Cada ideia que recebo \u00e9 um presente sagrado. Minha criatividade serve \u00e0 luz e \u00e0 consci\u00eancia. Honro minhas ideias com a\u00e7\u00e3o amorosa.<br>O ato de criar me alinha ao meu prop\u00f3sito.<\/p>\n\n\n\n<p><strong>Medita\u00e7\u00e3o Dirigida \u2013 Acolhendo as Musas no Cora\u00e7\u00e3o<\/strong><\/p>\n\n\n\n<p>Encontre uma posi\u00e7\u00e3o confort\u00e1vel. Permita que seu corpo seja um templo tranquilo. Feche suavemente os olhos\u2026 e comece com uma respira\u00e7\u00e3o lenta e profunda. Inspire pelo nariz\u2026 Expire pela boca\u2026 Mais uma vez\u2026 inspirando presen\u00e7a\u2026 expirando o excesso do dia. Sinta o peso do corpo sendo entregue \u00e0 Terra. Ela sustenta voc\u00ea. Nada precisa ser feito agora. Apenas estar.<br>Leve sua aten\u00e7\u00e3o ao centro do peito. Ao espa\u00e7o do cora\u00e7\u00e3o. Imagine ali uma luz suave, morna, pulsante\u2026 como uma chama delicada que nunca se apaga.<br>A cada inspira\u00e7\u00e3o, essa luz se expande. A cada expira\u00e7\u00e3o, ela se aprofunda.<br>Agora, visualize ao seu redor um c\u00edrculo de luz dourada.<br>Dentro dele, aproxima-se uma energia sutil, feminina e antiga.<br>N\u00e3o tem forma fixa. Ela muda como o vento, como a m\u00fasica, como o pensamento criativo.<br>S\u00e3o as Musas.<br>Elas n\u00e3o falam alto. Elas lembram.<br>Sinta essa presen\u00e7a tocando seu campo,<br>como quem toca um instrumento para afin\u00e1-lo.<br>Onde havia rigidez, surge suavidade.<br>Onde havia d\u00favida, nasce curiosidade.<br>Onde havia sil\u00eancio est\u00e9ril, brota sil\u00eancio f\u00e9rtil.<br>As Musas se aproximam do seu cora\u00e7\u00e3o e ali repousam\u2026 como sementes de luz.<br>Permita-se sentir: o desejo de criar, a alegria de expressar, a coragem de ser aut\u00eantico. Respire\u2026 e, em sil\u00eancio interior, acolha: \u201cEu recebo a inspira\u00e7\u00e3o que me habita.\u201d \u201cEu honro minha forma \u00fanica de criar.\u201d<br>\u201cMinha alma lembra o que veio expressar.\u201d<br>Visualize agora essa luz do cora\u00e7\u00e3o se expandindo para as m\u00e3os\u2026 para a voz\u2026<br>para o olhar\u2026 para tudo o que voc\u00ea toca e cria.<br>As Musas n\u00e3o ficam fora. Elas vivem em voc\u00ea.<br>Permane\u00e7a alguns instantes nesse estado, sentindo gratid\u00e3o, sentindo presen\u00e7a, sentindo verdade.<br>Quando estiver pronto, comece a trazer a aten\u00e7\u00e3o de volta ao corpo.<br>Movimente suavemente os dedos das m\u00e3os\u2026 dos p\u00e9s\u2026 E, ao abrir os olhos, leve consigo esta certeza:<br>Criar \u00e9 um ato de amor. E o amor encontrou morada no seu cora\u00e7\u00e3o.<\/p>\n\n\n<div class=\"wp-block-image\">\n<figure class=\"aligncenter size-large\"><a href=\"https:\/\/luzemhisterio.com\/blog\/wp-content\/uploads\/2026\/01\/mawu.png\"><img loading=\"lazy\" decoding=\"async\" width=\"683\" height=\"1024\" src=\"https:\/\/luzemhisterio.com\/blog\/wp-content\/uploads\/2026\/01\/mawu-683x1024.png\" alt=\"\" class=\"wp-image-3486\" srcset=\"https:\/\/luzemhisterio.com\/blog\/wp-content\/uploads\/2026\/01\/mawu-683x1024.png 683w, https:\/\/luzemhisterio.com\/blog\/wp-content\/uploads\/2026\/01\/mawu-200x300.png 200w, https:\/\/luzemhisterio.com\/blog\/wp-content\/uploads\/2026\/01\/mawu-768x1152.png 768w, https:\/\/luzemhisterio.com\/blog\/wp-content\/uploads\/2026\/01\/mawu-600x900.png 600w, https:\/\/luzemhisterio.com\/blog\/wp-content\/uploads\/2026\/01\/mawu-945x1418.png 945w, https:\/\/luzemhisterio.com\/blog\/wp-content\/uploads\/2026\/01\/mawu.png 1024w\" sizes=\"auto, (max-width: 683px) 100vw, 683px\" \/><\/a><\/figure>\n<\/div>\n\n\n<p class=\"has-text-align-center\"><strong>22 de janeiro \u2013 Festa de Mawu, a Grande M\u00e3e da Cria\u00e7\u00e3o<\/strong><\/p>\n\n\n\n<p class=\"has-text-align-left\">Neste dia celebramos Mawu, a deusa suprema da tradi\u00e7\u00e3o fon-iorub\u00e1 da \u00c1frica Ocidental, especialmente reverenciada no Benim e no Togo.<br>Mawu \u00e9 a Grande M\u00e3e, o princ\u00edpio feminino da exist\u00eancia, aquela que gera, acolhe, equilibra e sustenta toda a vida.<br>Mawu \u00e9 Lua, noite, frescor e compaix\u00e3o.<br>\u00c9 o ventre do mundo, o \u00fatero c\u00f3smico onde tudo nasce em harmonia. Diferente das for\u00e7as impetuosas, Mawu age com suavidade profunda, guiando a cria\u00e7\u00e3o pelo equil\u00edbrio, pela sensibilidade e pela sabedoria silenciosa.<br>Na cosmogonia africana, Mawu cria o mundo em parceria com Lisa, seu aspecto complementar solar. Juntos, representam o eterno di\u00e1logo entre feminino e masculino, noite e dia, intui\u00e7\u00e3o e a\u00e7\u00e3o. Mas \u00e9 Mawu quem imprime \u00e0 cria\u00e7\u00e3o o ritmo do cuidado, lembrando que a vida precisa de ternura para florescer.<br>Celebrar Mawu \u00e9 honrar: o feminino sagrado, a maternidade universal,<br>o poder de nutrir sem dominar, a sabedoria que acolhe antes de corrigir.<br>Mawu nos ensina que for\u00e7a n\u00e3o \u00e9 dureza e que o verdadeiro poder nasce da capacidade de sustentar, ouvir e proteger.<br>Neste dia, sua energia nos convida a desacelerar, a sentir, a respeitar nossos ciclos internos. \u00c9 um dia prop\u00edcio para cuidar do corpo, da casa, das emo\u00e7\u00f5es e dos sonhos ainda em gesta\u00e7\u00e3o.<br>Mawu sopra ao cora\u00e7\u00e3o humano um lembrete essencial: tudo o que nasce em amor cresce em equil\u00edbrio.<br><strong>Mantras para Mawu<\/strong>: Mawu, M\u00e3e da Lua, habita meu cora\u00e7\u00e3o. No frescor da noite, encontro equil\u00edbrio. Sou nutrido(a) pelo amor que sustenta o mundo. A suavidade \u00e9 minha for\u00e7a. O ritmo da vida pulsa em mim com harmonia.<br>Recebo e ofere\u00e7o cuidado com sabedoria. No ventre do sil\u00eancio, a vida floresce.<br><strong>Afirma\u00e7\u00f5es para Ancorar a Energia de Mawu<\/strong>: Eu honro meus ciclos naturais.<br>Permito-me descansar e regenerar. O cuidado comigo mesmo(a) \u00e9 sagrado.<br>Confio no tempo certo das coisas. Meu cora\u00e7\u00e3o \u00e9 um espa\u00e7o seguro para a vida crescer. Equil\u00edbrio e ternura guiam minhas escolhas. Sou parte da M\u00e3e que sustenta tudo.<br><strong>Afirma\u00e7\u00f5es de Cura e Feminino Sagrado<\/strong>: Acolho minhas emo\u00e7\u00f5es com compaix\u00e3o.<br>Minha sensibilidade \u00e9 sabedoria viva. Dou e recebo amor com leveza.<br>A energia materna de Mawu me envolve e protege. Eu perten\u00e7o \u00e0 Terra e ao C\u00e9u em harmonia.<br><strong>Medita\u00e7\u00e3o Dirigida \u2013 No Ventre de Mawu<\/strong><br>Sente-se ou deite-se confortavelmente. Feche os olhos suavemente.<br>Inspire devagar\u2026 Expire com entrega. Sinta o corpo sendo acolhido pela Terra,<br>como um filho nos bra\u00e7os da M\u00e3e. Leve agora sua aten\u00e7\u00e3o ao centro do ventre,<br>o espa\u00e7o da cria\u00e7\u00e3o e da nutri\u00e7\u00e3o.<br>Imagine ali uma luz prateada, suave como o luar. Ela pulsa lenta, calma, amorosa. A cada respira\u00e7\u00e3o, essa luz se expande, envolvendo o abd\u00f4men, o peito, o cora\u00e7\u00e3o.<br>Visualize a presen\u00e7a de Mawu \u2014 n\u00e3o como forma, mas como sensa\u00e7\u00e3o:<br>frescor, sil\u00eancio, cuidado profundo. Ela envolve voc\u00ea como a noite envolve a Terra. Nada pressiona. Nada exige. Tudo sustenta. Sinta-se acolhido(a) exatamente como voc\u00ea \u00e9. Permita que qualquer cansa\u00e7o, dor ou tens\u00e3o<br>se dissolva nesse ventre de luz.<br>Em sil\u00eancio interior, repita: \u201cMawu, M\u00e3e da cria\u00e7\u00e3o, eu descanso em ti.\u201d<br>\u201cConfio no ritmo sagrado da vida.\u201d \u201cSou nutrido(a) por amor e equil\u00edbrio.\u201d<br>Permane\u00e7a alguns instantes nesse estado, sentindo-se protegido(a), sustentado(a), inteiro(a). Quando sentir que \u00e9 o momento, respire mais profundamente, movimente o corpo com suavidade e abra os olhos.<br>Leve consigo esta certeza: A vida n\u00e3o precisa ser for\u00e7ada \u2014<br>ela floresce quando \u00e9 cuidada.<br>Que sua lua suave envolva este dia, trazendo paz, acolhimento<br>e reconex\u00e3o com a M\u00e3e que vive em tudo.<\/p>\n\n\n<div class=\"wp-block-image\">\n<figure class=\"aligncenter size-large\"><a href=\"https:\/\/luzemhisterio.com\/blog\/wp-content\/uploads\/2026\/01\/Festival-de-Asherah-a-Arvore-da-Vida.png\"><img loading=\"lazy\" decoding=\"async\" width=\"683\" height=\"1024\" src=\"https:\/\/luzemhisterio.com\/blog\/wp-content\/uploads\/2026\/01\/Festival-de-Asherah-a-Arvore-da-Vida-683x1024.png\" alt=\"\" class=\"wp-image-3487\" srcset=\"https:\/\/luzemhisterio.com\/blog\/wp-content\/uploads\/2026\/01\/Festival-de-Asherah-a-Arvore-da-Vida-683x1024.png 683w, https:\/\/luzemhisterio.com\/blog\/wp-content\/uploads\/2026\/01\/Festival-de-Asherah-a-Arvore-da-Vida-200x300.png 200w, https:\/\/luzemhisterio.com\/blog\/wp-content\/uploads\/2026\/01\/Festival-de-Asherah-a-Arvore-da-Vida-768x1152.png 768w, https:\/\/luzemhisterio.com\/blog\/wp-content\/uploads\/2026\/01\/Festival-de-Asherah-a-Arvore-da-Vida-600x900.png 600w, https:\/\/luzemhisterio.com\/blog\/wp-content\/uploads\/2026\/01\/Festival-de-Asherah-a-Arvore-da-Vida-945x1418.png 945w, https:\/\/luzemhisterio.com\/blog\/wp-content\/uploads\/2026\/01\/Festival-de-Asherah-a-Arvore-da-Vida.png 1024w\" sizes=\"auto, (max-width: 683px) 100vw, 683px\" \/><\/a><\/figure>\n<\/div>\n\n\n<p class=\"has-text-align-center\"><strong>22 de Janeiro \u2013 Festival de Asherah, a \u00c1rvore da Vida<\/strong><\/p>\n\n\n\n<p>Neste dia, tamb\u00e9m ecoa uma celebra\u00e7\u00e3o antiqu\u00edssima: o Festival da Deusa canaanita Asherah, a Grande M\u00e3e das \u00e1rvores, das \u00e1guas e da fertilidade da Terra. Asherah era reverenciada como o princ\u00edpio feminino da vida que cresce, aquela que sustenta o mundo atrav\u00e9s de suas ra\u00edzes invis\u00edveis e de seus ramos que tocam o c\u00e9u. Na tradi\u00e7\u00e3o canaanita, Asherah era simbolizada pelo poste sagrado, pelo bosque, pela \u00e1rvore viva \u2014 n\u00e3o como \u00eddolo, mas como presen\u00e7a natural do divino. Ela representava a abund\u00e2ncia, a nutri\u00e7\u00e3o, a continuidade da vida e a liga\u00e7\u00e3o entre o humano e a natureza.<br>Com o passar dos s\u00e9culos, seu culto foi silenciado, mas n\u00e3o apagado.<br>Sua ess\u00eancia atravessou o tempo e reapareceu de forma velada no calend\u00e1rio judaico como o Festival das \u00c1rvores, conhecido hoje como Tu BiShvat \u2014 o Ano Novo das \u00c1rvores. Um dia dedicado a honrar a Terra, plantar, agradecer pelos frutos e reconhecer que a vida se renova silenciosamente, de dentro para fora. Celebrar este dia \u00e9 lembrar que: a Terra \u00e9 um ser vivo, as \u00e1rvores s\u00e3o mestras do tempo, a espiritualidade tamb\u00e9m habita o ch\u00e3o, as ra\u00edzes, o corpo.<br>Asherah nos ensina que crescer exige paci\u00eancia, que florescer pede cuidado,<br>e que toda abund\u00e2ncia verdadeira nasce de ra\u00edzes profundas.<br>Honrar Asherah \u00e9: o feminino ancestral, a sabedoria da natureza, o compromisso com a vida que continua.<br>Que possamos ser como as \u00e1rvores: firmes na ess\u00eancia, flex\u00edveis ao vento,<br>e generosos em frutos para o mundo.<br>Mantras: Asherah, \u00c1rvore da Vida, habita em mim. \/Minhas ra\u00edzes s\u00e3o profundas, meus ramos alcan\u00e7am o c\u00e9u.\/Honro a Terra que me sustenta.<br>Cres\u00e7o no ritmo sagrado da natureza.\/Sou parte do bosque eterno da vida.<br>O feminino ancestral floresce em mim.\/Onde planto amor, colho abund\u00e2ncia.<br>Afirma\u00e7\u00f5es para Ancorar a Energia das \u00c1rvores: Eu perten\u00e7o \u00e0 Terra e ela cuida de mim.\/Respeito meus ciclos de crescimento e descanso.\/Minhas ra\u00edzes emocionais s\u00e3o fortes e seguras.\/Dou frutos no tempo certo.\/A abund\u00e2ncia nasce da const\u00e2ncia e do cuidado.\/Minha vida cresce em harmonia com a natureza.\/Sou guardi\u00e3o(\u00e3) da vida que pulsa no planeta.<br>Afirma\u00e7\u00f5es de Reconex\u00e3o com o Feminino da Terra: O feminino sagrado vive em cada c\u00e9lula minha.\/Honro as ancestrais que caminharam antes de mim.\/<br>A sabedoria da Terra orienta minhas escolhas.\/Sou ponte entre c\u00e9u e ch\u00e3o, esp\u00edrito e mat\u00e9ria.\/Minha presen\u00e7a nutre o mundo ao meu redor.<\/p>\n\n\n\n<p>Medita\u00e7\u00e3o Dirigida \u2013 Enraizando-se em Asherah<br>Sente-se ou fique em p\u00e9, com a coluna confort\u00e1vel. Feche suavemente os olhos.<br>Inspire\u2026 Expire\u2026 Permita que o corpo desacelere. Leve agora sua aten\u00e7\u00e3o para os p\u00e9s. Imagine que deles nascem ra\u00edzes vivas, que descem pela Terra, atravessando camadas de solo, at\u00e9 encontrar um lugar profundo, f\u00e9rtil e seguro.<br>Essas ra\u00edzes se conectam ao cora\u00e7\u00e3o da Terra. Voc\u00ea \u00e9 sustentado(a).<br>Agora leve a aten\u00e7\u00e3o ao cora\u00e7\u00e3o. Visualize uma \u00e1rvore luminosa crescendo dentro de voc\u00ea. O tronco \u00e9 firme, sereno. Os galhos se abrem com suavidade.<br>As folhas respiram luz. Sinta a presen\u00e7a de Asherah n\u00e3o como uma forma,<br>mas como a pr\u00f3pria for\u00e7a da vida que cresce. Ela sussurra sem palavras:<br>\u201cCres\u00e7a.\u201d \u201cConfie.\u201d \u201cPermane\u00e7a.\u201d<br>Respire e, em sil\u00eancio interior, repita: \u201cSou \u00e1rvore viva no jardim do mundo.\u201d \u201cMinhas ra\u00edzes me sustentam.\u201d \u201cMinha vida floresce em equil\u00edbrio.\u201d<br>Sinta seus ramos se expandindo para o c\u00e9u, recebendo luz, inspira\u00e7\u00e3o e clareza. Tudo circula: o que vem do alto desce, o que vem da Terra sobe.<br>Permane\u00e7a alguns instantes nesse fluxo. Quando sentir que \u00e9 o momento,<br>traga a aten\u00e7\u00e3o de volta ao corpo, movimente m\u00e3os e p\u00e9s, e abra os olhos.<\/p>\n\n\n\n<p>Neste dia leve consigo esta lembran\u00e7a: assim como as \u00e1rvores, voc\u00ea cresce em sil\u00eancio, sustentado(a) pela Terra e guiado(a) pela vida.<\/p>\n\n\n<div class=\"wp-block-image\">\n<figure class=\"aligncenter size-large\"><a href=\"https:\/\/luzemhisterio.com\/blog\/wp-content\/uploads\/2026\/01\/apolo.png\"><img loading=\"lazy\" decoding=\"async\" width=\"683\" height=\"1024\" src=\"https:\/\/luzemhisterio.com\/blog\/wp-content\/uploads\/2026\/01\/apolo-683x1024.png\" alt=\"\" class=\"wp-image-3488\" srcset=\"https:\/\/luzemhisterio.com\/blog\/wp-content\/uploads\/2026\/01\/apolo-683x1024.png 683w, https:\/\/luzemhisterio.com\/blog\/wp-content\/uploads\/2026\/01\/apolo-200x300.png 200w, https:\/\/luzemhisterio.com\/blog\/wp-content\/uploads\/2026\/01\/apolo-768x1152.png 768w, https:\/\/luzemhisterio.com\/blog\/wp-content\/uploads\/2026\/01\/apolo-600x900.png 600w, https:\/\/luzemhisterio.com\/blog\/wp-content\/uploads\/2026\/01\/apolo-945x1418.png 945w, https:\/\/luzemhisterio.com\/blog\/wp-content\/uploads\/2026\/01\/apolo.png 1024w\" sizes=\"auto, (max-width: 683px) 100vw, 683px\" \/><\/a><\/figure>\n<\/div>\n\n\n<p class=\"has-text-align-center\"><strong>22 de janeiro \u2013 Dia Consagrado a Apolo<\/strong><\/p>\n\n\n\n<p>Neste dia, a luz se torna consci\u00eancia. Celebramos Apolo, o deus grego do Sol, da m\u00fasica, da poesia, da profecia e da harmonia. Apolo n\u00e3o \u00e9 apenas a claridade que ilumina o mundo \u2014 ele \u00e9 a clareza que organiza a alma.<br>Filho de Zeus e Leto, irm\u00e3o g\u00eameo de \u00c1rtemis, Apolo nasce j\u00e1 portador da ordem c\u00f3smica. Onde ele chega, o caos encontra ritmo, o excesso encontra medida, a confus\u00e3o se transforma em entendimento. Sua luz n\u00e3o cega: revela.<br>Apolo rege: a m\u00fasica que cura, a palavra que orienta, a arte que eleva,<br>a verdade que liberta.<br>Como senhor da lira, ele nos lembra que a vida precisa de afina\u00e7\u00e3o.<br>Como deus da profecia, especialmente atrav\u00e9s do Or\u00e1culo de Delfos, ele nos ensina o princ\u00edpio essencial: \u201cConhece-te a ti mesmo.\u201d<br>Apolo n\u00e3o imp\u00f5e respostas \u2014 ele convida \u00e0 consci\u00eancia.<br>Sua energia \u00e9 a da mente l\u00facida, do pensamento claro, da \u00e9tica interior. Ele nos chama a alinhar inten\u00e7\u00e3o, a\u00e7\u00e3o e verdade.<br>Celebrar Apolo \u00e9 honrar: a luz da raz\u00e3o equilibrada, a beleza que nasce da ordem, a arte como caminho espiritual, a verdade que come\u00e7a dentro.<br>Este \u00e9 um dia prop\u00edcio para: buscar clareza nas decis\u00f5es, expressar-se com verdade, organizar pensamentos e projetos, alinhar mente e cora\u00e7\u00e3o.<br>Apolo nos recorda que a verdadeira ilumina\u00e7\u00e3o n\u00e3o est\u00e1 em brilhar sobre os outros, mas em iluminar a si mesmo.<br>Mantras: Apolo, luz da consci\u00eancia, habita meu dia.\/A clareza guia meus pensamentos e escolhas.\/Vivo em harmonia com minha verdade.\/Minha mente \u00e9 clara, meu cora\u00e7\u00e3o \u00e9 l\u00facido.\/A ordem interior gera paz exterior.\/A luz revela o caminho certo.\/Conhe\u00e7o a mim mesmo(a) com amor e verdade.<br>Afirma\u00e7\u00f5es para Integrar a Energia de Apolo: Eu escolho a clareza em vez da confus\u00e3o.\/Minhas a\u00e7\u00f5es refletem minha verdade interior.\/Organizo minha vida com consci\u00eancia e equil\u00edbrio.\/Minha palavra \u00e9 honesta, justa e construtiva.<br>A luz da raz\u00e3o caminha junto com o cora\u00e7\u00e3o.\/Eu ajo com \u00e9tica, beleza e discernimento.\/Cada dia \u00e9 uma oportunidade de alinhamento interior.<br>Afirma\u00e7\u00f5es para o Dia a Dia: Come\u00e7o o dia com inten\u00e7\u00e3o clara.\/Ou\u00e7o antes de reagir.\/Expresso-me com serenidade.\/Transformo caos em ordem poss\u00edvel.<br>Trago harmonia aos ambientes por onde passo.\/Honro o sil\u00eancio que antecede a palavra certa.<br>Medita\u00e7\u00e3o Dirigida \u2013 Vivendo a Luz de Apolo<br>Sente-se confortavelmente, com a coluna ereta. Feche os olhos suavemente.<br>Inspire profundamente\u2026 Expire lentamente\u2026 Permita que o ritmo da respira\u00e7\u00e3o se torne regular, calmo. Imagine agora uma luz dourada surgindo acima da sua cabe\u00e7a, como o Sol nascente de um novo dia. Essa luz n\u00e3o \u00e9 quente demais \u2014<br>\u00e9 clara, serena, inteligente. Ela desce suavemente, tocando o topo da cabe\u00e7a\u2026<br>iluminando a mente\u2026 trazendo ordem aos pensamentos dispersos. Sinta essa luz descendo pelo rosto, pelo pesco\u00e7o, at\u00e9 o cora\u00e7\u00e3o. Mente e cora\u00e7\u00e3o se alinham.<br>N\u00e3o h\u00e1 conflito. H\u00e1 coer\u00eancia. Visualize agora essa luz acompanhando voc\u00ea<br>em situa\u00e7\u00f5es simples do dia a dia: ao falar, ao decidir ao organizar sua rotina, ao lidar com desafios. A presen\u00e7a de Apolo se manifesta como lucidez,<br>discernimento, postura \u00e9tica e beleza no agir.<br>Em sil\u00eancio interior, repita: \u201cEu ajo com clareza.\u201d \u201cMinha palavra \u00e9 verdadeira.\u201d \u201cMinha vida encontra harmonia.\u201d<br>Permane\u00e7a alguns instantes sentindo como essa luz pode ser vivida em gestos pequenos, decis\u00f5es simples, atitudes conscientes.<br>Quando sentir que \u00e9 o momento, traga aten\u00e7\u00e3o ao corpo, movimente m\u00e3os e p\u00e9s suavemente, e abra os olhos. Leve consigo este ensinamento de Apolo:<br>A luz n\u00e3o serve para julgar a sombra, mas para revelar o caminho.<br>Que neste dia sua luz dourada nos atravesse, trazendo discernimento, harmonia e a coragem de viver de acordo com a pr\u00f3pria verdade.<\/p>\n\n\n\n<p>No Luz e Mhisterio, acolhemos este dia como um convite ao despertar sens\u00edvel, \u00e0 escuta interior e \u00e0 viv\u00eancia do sagrado no cotidiano. Que cada gesto seja mais consciente, cada palavra mais verdadeira e cada cria\u00e7\u00e3o um reflexo da alma em harmonia com o Todo.<br>Que este 22 de janeiro seja vivido como um rito silencioso de presen\u00e7a, beleza e reconex\u00e3o.<br>Namast\u00ea! \u0928\u092e\u0938\u094d\u0924\u0947<\/p>\n","protected":false},"excerpt":{"rendered":"<p>22 de Janeiro \u2013 Um Dia de Luz, Inspira\u00e7\u00e3o e Ra\u00edzes Ancestrais<\/p>\n<p>No calend\u00e1rio sutil da alma, este dia se revela como um dia de rara converg\u00eancia espiritual. Um portal onde diferentes culturas, tempos e mitologias se encontram para nos lembrar de algo essencial: a vida floresce quando h\u00e1 consci\u00eancia, cria\u00e7\u00e3o e enraizamento.<\/p>\n","protected":false},"author":2,"featured_media":3484,"comment_status":"closed","ping_status":"open","sticky":false,"template":"","format":"standard","meta":{"footnotes":""},"categories":[7,693],"tags":[740,745,741,744,742,743,316,746],"class_list":["post-3483","post","type-post","status-publish","format-standard","has-post-thumbnail","hentry","category-destaques","category-dia-a-dia","tag-22-de-janeiro","tag-afirmacoes","tag-consagracao-as-musas","tag-dia-consagrado-a-apolo","tag-festa-de-mawu","tag-festival-de-asherah","tag-mantras","tag-meditacoes"],"_links":{"self":[{"href":"https:\/\/luzemhisterio.com\/blog\/wp-json\/wp\/v2\/posts\/3483","targetHints":{"allow":["GET"]}}],"collection":[{"href":"https:\/\/luzemhisterio.com\/blog\/wp-json\/wp\/v2\/posts"}],"about":[{"href":"https:\/\/luzemhisterio.com\/blog\/wp-json\/wp\/v2\/types\/post"}],"author":[{"embeddable":true,"href":"https:\/\/luzemhisterio.com\/blog\/wp-json\/wp\/v2\/users\/2"}],"replies":[{"embeddable":true,"href":"https:\/\/luzemhisterio.com\/blog\/wp-json\/wp\/v2\/comments?post=3483"}],"version-history":[{"count":1,"href":"https:\/\/luzemhisterio.com\/blog\/wp-json\/wp\/v2\/posts\/3483\/revisions"}],"predecessor-version":[{"id":3491,"href":"https:\/\/luzemhisterio.com\/blog\/wp-json\/wp\/v2\/posts\/3483\/revisions\/3491"}],"wp:featuredmedia":[{"embeddable":true,"href":"https:\/\/luzemhisterio.com\/blog\/wp-json\/wp\/v2\/media\/3484"}],"wp:attachment":[{"href":"https:\/\/luzemhisterio.com\/blog\/wp-json\/wp\/v2\/media?parent=3483"}],"wp:term":[{"taxonomy":"category","embeddable":true,"href":"https:\/\/luzemhisterio.com\/blog\/wp-json\/wp\/v2\/categories?post=3483"},{"taxonomy":"post_tag","embeddable":true,"href":"https:\/\/luzemhisterio.com\/blog\/wp-json\/wp\/v2\/tags?post=3483"}],"curies":[{"name":"wp","href":"https:\/\/api.w.org\/{rel}","templated":true}]}}