{"id":3492,"date":"2026-01-22T18:41:18","date_gmt":"2026-01-22T18:41:18","guid":{"rendered":"https:\/\/luzemhisterio.com\/blog\/?p=3492"},"modified":"2026-01-22T18:41:19","modified_gmt":"2026-01-22T18:41:19","slug":"dia-a-dia-celebre-18-de-janeiro","status":"publish","type":"post","link":"https:\/\/luzemhisterio.com\/blog\/diario-da-alquimista\/dia-a-dia\/dia-a-dia-celebre-18-de-janeiro\/","title":{"rendered":"Dia a Dia &#8211; Celebre 18 de Janeiro"},"content":{"rendered":"<div class=\"wp-block-image\">\n<figure class=\"aligncenter size-large\"><a href=\"https:\/\/luzemhisterio.com\/blog\/wp-content\/uploads\/2026\/01\/18janeiro.png\"><img loading=\"lazy\" decoding=\"async\" width=\"683\" height=\"1024\" src=\"https:\/\/luzemhisterio.com\/blog\/wp-content\/uploads\/2026\/01\/18janeiro-683x1024.png\" alt=\"\" class=\"wp-image-3493\" srcset=\"https:\/\/luzemhisterio.com\/blog\/wp-content\/uploads\/2026\/01\/18janeiro-683x1024.png 683w, https:\/\/luzemhisterio.com\/blog\/wp-content\/uploads\/2026\/01\/18janeiro-200x300.png 200w, https:\/\/luzemhisterio.com\/blog\/wp-content\/uploads\/2026\/01\/18janeiro-768x1152.png 768w, https:\/\/luzemhisterio.com\/blog\/wp-content\/uploads\/2026\/01\/18janeiro-600x900.png 600w, https:\/\/luzemhisterio.com\/blog\/wp-content\/uploads\/2026\/01\/18janeiro-945x1418.png 945w, https:\/\/luzemhisterio.com\/blog\/wp-content\/uploads\/2026\/01\/18janeiro.png 1024w\" sizes=\"auto, (max-width: 683px) 100vw, 683px\" \/><\/a><\/figure>\n<\/div>\n\n\n<p class=\"has-text-align-center\"><strong>Celebre dia 18 de Janeiro<\/strong><\/p>\n\n\n\n<p>O 18 de janeiro \u00e9 um dia em que a humanidade, em diferentes culturas e tempos, volta o olhar para a luz que sustenta a vida e para o lar que a acolhe. \u00c9 uma data em que o Sol \u00e9 reverenciado como consci\u00eancia, a alvorada \u00e9 honrada como promessa de renova\u00e7\u00e3o e a casa \u00e9 lembrada como templo vivo do cotidiano.<br>Neste dia, celebramos divindades solares e luminosas \u2014 como Shapash, Surya e Usas \u2014 que anunciam clareza, verdade, vitalidade e novos come\u00e7os. Tamb\u00e9m honramos Zao Jun, o guardi\u00e3o do lar, lembrando que a espiritualidade n\u00e3o vive apenas nos c\u00e9us, mas tamb\u00e9m no fogo que aquece, no alimento que nutre e nos gestos simples que constroem harmonia.<\/p>\n\n\n\n<p><strong>Palavra do Dia<\/strong>: \u201cQuando a luz desperta o dia e o lar acolhe a vida, a consci\u00eancia se renova.\u201d<\/p>\n\n\n\n<p><strong>Ritual do Dia<\/strong>: Em um momento tranquilo do dia, aproxime-se de uma janela ou da porta de entrada da sua casa. Respire profundamente tr\u00eas vezes, trazendo presen\u00e7a e calma. Coloque as m\u00e3os sobre o cora\u00e7\u00e3o e diga em sil\u00eancio:<br>\u201cHonro a luz que nasce, a casa que me abriga e os novos come\u00e7os.\u201d<br>Se poss\u00edvel, leve um alimento simples (p\u00e3o, arroz, fruta ou um doce) at\u00e9 a cozinha e, antes de consumir, fa\u00e7a um breve gesto de gratid\u00e3o pelo alimento e pelo lar. Para finalizar, abra a janela ou a porta por alguns instantes, permitindo que o ar e a luz circulem, simbolizando a entrada da clareza, da prote\u00e7\u00e3o e da boa sorte.<br>\u201cQue a luz habite meus dias e a harmonia permane\u00e7a em meu lar.\u201d<\/p>\n\n\n<div class=\"wp-block-image\">\n<figure class=\"aligncenter size-large\"><a href=\"https:\/\/luzemhisterio.com\/blog\/wp-content\/uploads\/2026\/01\/zao-jim.png\"><img loading=\"lazy\" decoding=\"async\" width=\"683\" height=\"1024\" src=\"https:\/\/luzemhisterio.com\/blog\/wp-content\/uploads\/2026\/01\/zao-jim-683x1024.png\" alt=\"\" class=\"wp-image-3494\" srcset=\"https:\/\/luzemhisterio.com\/blog\/wp-content\/uploads\/2026\/01\/zao-jim-683x1024.png 683w, https:\/\/luzemhisterio.com\/blog\/wp-content\/uploads\/2026\/01\/zao-jim-200x300.png 200w, https:\/\/luzemhisterio.com\/blog\/wp-content\/uploads\/2026\/01\/zao-jim-768x1152.png 768w, https:\/\/luzemhisterio.com\/blog\/wp-content\/uploads\/2026\/01\/zao-jim-600x900.png 600w, https:\/\/luzemhisterio.com\/blog\/wp-content\/uploads\/2026\/01\/zao-jim-945x1418.png 945w, https:\/\/luzemhisterio.com\/blog\/wp-content\/uploads\/2026\/01\/zao-jim.png 1024w\" sizes=\"auto, (max-width: 683px) 100vw, 683px\" \/><\/a><\/figure>\n<\/div>\n\n\n<p><strong>No dia 18 de janeiro, a tradi\u00e7\u00e3o chinesa nos convida a voltar o olhar para o lar como espa\u00e7o sagrado, celebrando Zao Jun, o deus do fog\u00e3o e da casa, guardi\u00e3o silencioso da vida cotidiana, da harmonia familiar e da prosperidade dom\u00e9stica.<\/strong><\/p>\n\n\n\n<p>Zao Jun habita o cora\u00e7\u00e3o do lar: o fogo que aquece, o alimento que nutre, o espa\u00e7o onde a fam\u00edlia se re\u00fane. Ele observa os gestos simples do dia a dia \u2014 as palavras ditas \u00e0 mesa, os cuidados m\u00fatuos, o respeito entre os que compartilham o mesmo teto. Por isso, sua presen\u00e7a n\u00e3o \u00e9 distante ou solene, mas \u00edntima, pr\u00f3xima e profundamente humana.<br>Neste dia, Zao Jun \u00e9 honrado com ora\u00e7\u00f5es e oferendas de bolos de arroz doce, s\u00edmbolo de do\u00e7ura, uni\u00e3o e abund\u00e2ncia. A tradi\u00e7\u00e3o diz que o doce sela palavras gentis, atrai b\u00ean\u00e7\u00e3os e fortalece a boa sorte que nasce da conviv\u00eancia harmoniosa. O gesto de lan\u00e7ar feij\u00f5es nos telhados carrega um simbolismo ancestral: chamar a prosperidade, afastar a escassez e convidar a fortuna a permanecer no lar.<br>Celebrar Zao Jun neste dia \u00e9 reconhecer que a espiritualidade vive nos pequenos rituais: no alimento preparado com cuidado, no fogo aceso com inten\u00e7\u00e3o, na casa organizada com afeto. \u00c9 lembrar que a verdadeira sorte come\u00e7a dentro de casa, no equil\u00edbrio entre quem somos e como vivemos juntos.<br>Renove o compromisso com o seu lar cheio de calor, respeito e prosperidade: &#8220;Que o fogo do fog\u00e3o seja luz, que o alimento seja b\u00ean\u00e7\u00e3o e que a boa sorte encontre sempre um lugar para repousar sob o nosso teto.&#8221;<br><strong>Mantras para Zao Jun<\/strong> \u2013 Guardi\u00e3o do Lar: \u201cZao Jun, guardi\u00e3o do fogo e do lar, aben\u00e7oa esta casa com harmonia.\u201d\/\u201cOnde o fogo \u00e9 sagrado, Zao Jun habita e protege.\u201d\/\u201cA do\u00e7ura do lar atrai prosperidade e paz.\u201d\/\u201cSob o olhar de Zao Jun, meu lar floresce em uni\u00e3o.\u201d\/\u201cQue a boa sorte encontre morada nesta casa.\u201d<br><strong>Afirma\u00e7\u00f5es para Honrar no Lar<\/strong>: Meu lar \u00e9 um espa\u00e7o de acolhimento, respeito e abund\u00e2ncia.\/As palavras ditas nesta casa s\u00e3o doces e construtivas.\/A prosperidade circula livremente sob este teto.\/Honro o fogo do lar como fonte de vida e equil\u00edbrio.\/A harmonia familiar fortalece minha jornada.\/A boa sorte \u00e9 bem-vinda e permanece comigo.<\/p>\n\n\n\n<p><strong>Ritual Simples \u2013 Feij\u00f5es da Boa Sorte<\/strong><br>Reserve um pequeno punhado de feij\u00f5es secos (qualquer tipo).<br>Escolha um momento tranquilo do dia, de prefer\u00eancia pr\u00f3ximo \u00e0 cozinha ou ao fog\u00e3o. Segure os feij\u00f5es nas m\u00e3os, fechando os olhos por alguns instantes.<br>Mentalize seu lar envolvido por uma luz c\u00e1lida e protetora.<br>Em voz baixa ou em pensamento, diga:<br>\u201cZao Jun, guardi\u00e3o do meu lar, receba esta oferenda e traga boa sorte, paz e prosperidade.\u201d<br>Com delicadeza, jogue os feij\u00f5es em dire\u00e7\u00e3o ao teto da casa ou do espa\u00e7o onde est\u00e1, simbolizando a chamada da fortuna e a expans\u00e3o das b\u00ean\u00e7\u00e3os.<br>Permane\u00e7a alguns segundos em sil\u00eancio, sentindo gratid\u00e3o pelo abrigo, pelo alimento e pela prote\u00e7\u00e3o. Finalize respirando profundamente e confiando que a boa sorte foi convidada a permanecer.<br>Que Zao Jun aben\u00e7oe seu lar com calor, uni\u00e3o e prosperidade, e que cada gesto cotidiano se transforme em b\u00ean\u00e7\u00e3o.<\/p>\n\n\n<div class=\"wp-block-image\">\n<figure class=\"aligncenter size-large\"><a href=\"https:\/\/luzemhisterio.com\/blog\/wp-content\/uploads\/2026\/01\/usas.png\"><img loading=\"lazy\" decoding=\"async\" width=\"683\" height=\"1024\" src=\"https:\/\/luzemhisterio.com\/blog\/wp-content\/uploads\/2026\/01\/usas-683x1024.png\" alt=\"\" class=\"wp-image-3495\" srcset=\"https:\/\/luzemhisterio.com\/blog\/wp-content\/uploads\/2026\/01\/usas-683x1024.png 683w, https:\/\/luzemhisterio.com\/blog\/wp-content\/uploads\/2026\/01\/usas-200x300.png 200w, https:\/\/luzemhisterio.com\/blog\/wp-content\/uploads\/2026\/01\/usas-768x1152.png 768w, https:\/\/luzemhisterio.com\/blog\/wp-content\/uploads\/2026\/01\/usas-600x900.png 600w, https:\/\/luzemhisterio.com\/blog\/wp-content\/uploads\/2026\/01\/usas-945x1418.png 945w, https:\/\/luzemhisterio.com\/blog\/wp-content\/uploads\/2026\/01\/usas.png 1024w\" sizes=\"auto, (max-width: 683px) 100vw, 683px\" \/><\/a><\/figure>\n<\/div>\n\n\n<p class=\"has-text-align-center\"><strong>No dia 18 de janeiro, a luz ganha um tom suave e po\u00e9tico ao celebrarmos Usas.<\/strong><\/p>\n\n\n\n<p>Usas, a antiga deusa da Alvorada, aquela que antecede o Sol e anuncia o novo dia. Usas \u00e9 a m\u00e3e das estrelas matutinas, a senhora dos primeiros instantes, quando a noite ainda sussurra e o c\u00e9u come\u00e7a a se tingir de promessas.<br>Na tradi\u00e7\u00e3o v\u00e9dica, Usas n\u00e3o \u00e9 apenas o amanhecer f\u00edsico. Ela \u00e9 o princ\u00edpio do despertar, a for\u00e7a delicada que acorda a vida sem viol\u00eancia, abrindo caminhos com beleza, ritmo e renova\u00e7\u00e3o. Sua presen\u00e7a dissolve lentamente a escurid\u00e3o, n\u00e3o pela ruptura, mas pela continuidade amorosa do tempo.<br>Usas caminha \u00e0 frente dos deusas Surya, preparando o mundo para a luz plena. Onde ela passa, os medos noturnos se recolhem, as possibilidades renascem e a esperan\u00e7a volta a respirar. Seu manto rosado e dourado simboliza a transi\u00e7\u00e3o consciente, o espa\u00e7o sagrado entre o fim e o come\u00e7o.<br>Celebrar Usas neste dia \u00e9 honrar os recome\u00e7os sutis, os processos que n\u00e3o nascem prontos, mas se constroem passo a passo. \u00c9 reconhecer o valor do tempo certo, da paci\u00eancia criativa, do despertar gradual da alma. Usas nos ensina que cada novo ciclo come\u00e7a em sil\u00eancio, com suavidade e inten\u00e7\u00e3o.<br>Usas nos convida a abrir os olhos para o primeiro raio de consci\u00eancia, a escutar o chamado do novo antes mesmo que ele se revele por completo. Que possamos acolher seus dons: frescor, esperan\u00e7a, renova\u00e7\u00e3o e a certeza de que, ap\u00f3s toda noite, a aurora sempre retorna.<\/p>\n\n\n\n<p><strong>Mantras \u2013 A Luz que Desperta<\/strong>: \u201cUsas, aurora sagrada, desperta a luz suave em meu ser.\u201d\/\u201cM\u00e3e das estrelas matutinas, guia meus novos come\u00e7os.\u201d\/\u201cSob o manto da alvorada, eu renas\u00e7o em consci\u00eancia.\u201d\/\u201cUsas caminha \u00e0 minha frente, abrindo o dia com esperan\u00e7a.\u201d\/\u201cA luz do amanhecer dissolve minhas sombras com ternura.\u201d<br><strong>Afirma\u00e7\u00f5es para o dia<\/strong>: Eu acolho os recome\u00e7os com suavidade e confian\u00e7a.\/<br>A cada amanhecer, minha consci\u00eancia se renova.\/Permito que o novo chegue no seu tempo sagrado.\/A esperan\u00e7a floresce em mim como a primeira luz do dia.<br>Honro os ciclos naturais da vida e do meu despertar interior.\/Eu caminho com leveza entre o que termina e o que nasce.<\/p>\n\n\n\n<p><strong>Medita\u00e7\u00e3o Dirigida \u2013 Sauda\u00e7\u00e3o a Alvorada<\/strong><\/p>\n\n\n\n<p>Encontre uma posi\u00e7\u00e3o confort\u00e1vel. Feche suavemente os olhos e permita que a respira\u00e7\u00e3o se torne lenta e natural. Imagine a noite se dissolvendo,<br>o c\u00e9u ainda azul-escuro, pontilhado de estrelas. Respire\u2026 Sinta o sil\u00eancio antes do dia. Agora visualize a presen\u00e7a de Usas, a deusa da Alvorada,<br>envolta em tons de rosa, dourado e p\u00e9rola. Ela caminha delicadamente no horizonte, trazendo consigo as estrelas matutinas, filhas da esperan\u00e7a e da renova\u00e7\u00e3o. \u00c0 medida que Usas avan\u00e7a, uma luz suave toca seu cora\u00e7\u00e3o.<br>N\u00e3o \u00e9 um brilho intenso, \u00e9 um despertar gentil. Sinta seus pensamentos clareando, suas emo\u00e7\u00f5es encontrando equil\u00edbrio, seu corpo se abrindo para um novo ciclo. Em sil\u00eancio, repita internamente: \u201cEu me permito recome\u00e7ar.\u201d<br>\u201cEu confio no tempo da luz.\u201d Visualize agora o c\u00e9u se colorindo lentamente,<br>o rosa se misturando ao dourado, o dia sendo anunciado sem pressa. Usas sorri, e sua presen\u00e7a deixa em voc\u00ea a certeza de que cada come\u00e7o nasce da ternura. Permane\u00e7a alguns instantes nessa aurora interior,<br>sentindo paz, esperan\u00e7a e frescor. Quando estiver pronta(o), inspire profundamente\u2026 e ao expirar, abra-se para o dia que nasce dentro de voc\u00ea.<br>Que Usas, m\u00e3e das estrelas matutinas, aben\u00e7oe seus recome\u00e7os e ilumine seus despertares com suavidade.<\/p>\n\n\n<div class=\"wp-block-image\">\n<figure class=\"aligncenter size-large\"><a href=\"https:\/\/luzemhisterio.com\/blog\/wp-content\/uploads\/2026\/01\/o-deus-e-a-deusa-Surya-divindades-regentes-da-luz.png\"><img loading=\"lazy\" decoding=\"async\" width=\"683\" height=\"1024\" src=\"https:\/\/luzemhisterio.com\/blog\/wp-content\/uploads\/2026\/01\/o-deus-e-a-deusa-Surya-divindades-regentes-da-luz-683x1024.png\" alt=\"\" class=\"wp-image-3496\" srcset=\"https:\/\/luzemhisterio.com\/blog\/wp-content\/uploads\/2026\/01\/o-deus-e-a-deusa-Surya-divindades-regentes-da-luz-683x1024.png 683w, https:\/\/luzemhisterio.com\/blog\/wp-content\/uploads\/2026\/01\/o-deus-e-a-deusa-Surya-divindades-regentes-da-luz-200x300.png 200w, https:\/\/luzemhisterio.com\/blog\/wp-content\/uploads\/2026\/01\/o-deus-e-a-deusa-Surya-divindades-regentes-da-luz-768x1152.png 768w, https:\/\/luzemhisterio.com\/blog\/wp-content\/uploads\/2026\/01\/o-deus-e-a-deusa-Surya-divindades-regentes-da-luz-600x900.png 600w, https:\/\/luzemhisterio.com\/blog\/wp-content\/uploads\/2026\/01\/o-deus-e-a-deusa-Surya-divindades-regentes-da-luz-945x1418.png 945w, https:\/\/luzemhisterio.com\/blog\/wp-content\/uploads\/2026\/01\/o-deus-e-a-deusa-Surya-divindades-regentes-da-luz.png 1024w\" sizes=\"auto, (max-width: 683px) 100vw, 683px\" \/><\/a><\/figure>\n<\/div>\n\n\n<p class=\"has-text-align-center\"><strong>No dia 18 de janeiro, a luz do Oriente tamb\u00e9m se eleva em forma de celebra\u00e7\u00e3o atrav\u00e9s do Festival hindu do Sol, um tempo sagrado dedicado a Surya, o deus solar, e \u00e0 sua express\u00e3o divina complementar, a deusa Surya, manifesta\u00e7\u00f5es da luz que sustenta, desperta e mant\u00e9m a vida.<\/strong><\/p>\n\n\n\n<p>Na tradi\u00e7\u00e3o hindu, Surya n\u00e3o \u00e9 apenas o Sol f\u00edsico que nasce a cada manh\u00e3. Ele \u00e9 a consci\u00eancia luminosa, o olho que tudo percebe, o ritmo que regula o tempo, as esta\u00e7\u00f5es e o pr\u00f3prio pulsar da exist\u00eancia. Seu movimento no c\u00e9u simboliza a jornada da alma: nascer, crescer, amadurecer e retornar \u00e0 fonte com sabedoria.<br>Este festival honra o momento em que a luz solar \u00e9 reconhecida como for\u00e7a espiritual, n\u00e3o s\u00f3 como calor, mas como intelig\u00eancia viva que purifica, vitaliza e cura. Surya \u00e9 invocado como aquele que dissipa a ignor\u00e2ncia, fortalece o corpo, clareia a mente e desperta a vis\u00e3o interior. \u00c9 a luz que sustenta o dharma \u2014 a ordem natural do universo.<br>Tradicionalmente, este \u00e9 um per\u00edodo de gratid\u00e3o ao Sol, com oferendas simb\u00f3licas, banhos de luz ao amanhecer, mantras e gestos de rever\u00eancia ao nascer do dia. O simples ato de olhar para o c\u00e9u ao romper da manh\u00e3, com consci\u00eancia e presen\u00e7a, j\u00e1 se torna um ritual profundo.<br>Celebrar o Festival hindu do Sol em 18 de janeiro \u00e9 alinhar-se com o princ\u00edpio da renova\u00e7\u00e3o, da clareza e da for\u00e7a vital. \u00c9 reconhecer que, assim como o Sol nunca deixa de nascer, dentro de cada ser existe uma chama eterna pronta para iluminar caminhos, restaurar esperan\u00e7as e aquecer o mundo.<br>Que a luz de Surya nos inspire a viver com vitalidade, consci\u00eancia e rever\u00eancia pela vida \u2014 caminhando com o cora\u00e7\u00e3o voltado para a verdade e os olhos abertos para a luz do dia.<br><strong>Mantras para a Consci\u00eancia Solar<\/strong>: \u201cOm Surya Namaha \u2013 eu reverencio a luz que sustenta a vida.\u201d \/\u201cSurya, Sol divino, desperta em mim clareza, for\u00e7a e verdade.\u201d\/\u201cA luz de Surya ilumina meu caminho e fortalece meu esp\u00edrito.\u201d<br>\u201cEu acolho o ritmo do Sol e caminho em harmonia com a vida.\u201d\/\u201cOnde a luz de Surya toca, nasce consci\u00eancia e vitalidade.\u201d<br><strong>Afirma\u00e7\u00f5es Inspiradas no Festival do Sol<\/strong>: A luz solar habita meu corpo, minha mente e meu cora\u00e7\u00e3o.\/Eu desperto a cada dia com clareza, energia e prop\u00f3sito.<br>Minha consci\u00eancia se expande \u00e0 medida que acolho a luz.\/Sou guiada(o) pela verdade e pela sabedoria do Sol.\/A vitalidade flui naturalmente em minha vida.\/Honro o ritmo do dia, do descanso e da renova\u00e7\u00e3o.<\/p>\n\n\n\n<p><strong>Medita\u00e7\u00e3o Dirigida \u2013 Sob a Luz do Sol<\/strong><br>Sente-se confortavelmente, com a coluna ereta e o corpo relaxado.<br>Se poss\u00edvel, visualize o amanhecer. Respire profundamente\u2026<br>Inspire luz\u2026 Expire cansa\u00e7o, peso e dispers\u00e3o.<br>Imagine agora o Sol surgindo no horizonte. Sua luz \u00e9 dourada, suave e poderosa. Este \u00e9 Surya, o deus e a deusa da luz viva, a consci\u00eancia que pulsa em tudo o que existe. Visualize os primeiros raios solares tocando seu rosto,<br>aquecendo suavemente seus olhos, trazendo clareza mental. A luz desce at\u00e9 seu cora\u00e7\u00e3o, ativando coragem, alegria e vitalidade. Sinta essa energia solar percorrer todo o seu corpo, como um rio luminoso que purifica, fortalece e desperta. Cada c\u00e9lula se ilumina, cada pensamento se torna mais claro,<br>cada emo\u00e7\u00e3o encontra equil\u00edbrio. Em sil\u00eancio, repita internamente:<br>\u201cEu sou um reflexo da luz.\u201d \u201cEu caminho em consci\u00eancia e verdade.\u201d<br>Agora imagine essa luz se expandindo para al\u00e9m de voc\u00ea, tocando sua casa, sua cidade, o planeta inteiro. O Sol interior encontra o Sol do c\u00e9u, e tudo vibra em harmonia.<br>Permane\u00e7a alguns instantes nesse estado de presen\u00e7a, sentindo gratid\u00e3o pela vida, pela energia que sustenta seus dias, pela luz que nunca se apaga.<br>Para encerrar, inspire profundamente\u2026 e ao expirar, traga consigo a certeza:<br>a luz de Surya vive em voc\u00ea, hoje e sempre.<\/p>\n\n\n<div class=\"wp-block-image\">\n<figure class=\"aligncenter size-large\"><a href=\"https:\/\/luzemhisterio.com\/blog\/wp-content\/uploads\/2026\/01\/shaphas.png\"><img loading=\"lazy\" decoding=\"async\" width=\"683\" height=\"1024\" src=\"https:\/\/luzemhisterio.com\/blog\/wp-content\/uploads\/2026\/01\/shaphas-683x1024.png\" alt=\"\" class=\"wp-image-3497\" srcset=\"https:\/\/luzemhisterio.com\/blog\/wp-content\/uploads\/2026\/01\/shaphas-683x1024.png 683w, https:\/\/luzemhisterio.com\/blog\/wp-content\/uploads\/2026\/01\/shaphas-200x300.png 200w, https:\/\/luzemhisterio.com\/blog\/wp-content\/uploads\/2026\/01\/shaphas-768x1152.png 768w, https:\/\/luzemhisterio.com\/blog\/wp-content\/uploads\/2026\/01\/shaphas-600x900.png 600w, https:\/\/luzemhisterio.com\/blog\/wp-content\/uploads\/2026\/01\/shaphas-945x1418.png 945w, https:\/\/luzemhisterio.com\/blog\/wp-content\/uploads\/2026\/01\/shaphas.png 1024w\" sizes=\"auto, (max-width: 683px) 100vw, 683px\" \/><\/a><\/figure>\n<\/div>\n\n\n<p class=\"has-text-align-center\"><strong>No dia 18 de janeiro, voltamos o rosto para o Oriente antigo e lembramos Shapash, a antiga deusa hitita do Sol e da luz do dia, aquela que tudo v\u00ea, tudo aquece e tudo revela.<\/strong><\/p>\n\n\n\n<p>Shapash n\u00e3o era apenas o astro que atravessa o c\u00e9u. Ela era a testemunha sagrada, a presen\u00e7a luminosa que acompanhava os deuses, os humanos e at\u00e9 os mortos. Sua luz penetrava os mundos vis\u00edveis e invis\u00edveis, alcan\u00e7ando a terra, os c\u00e9us e o submundo. Onde Shapash caminhava, a verdade se tornava clara, os enganos se dissipavam e a ordem natural era restaurada.<br>Na tradi\u00e7\u00e3o hitita e nas culturas vizinhas do Levante, Shapash era invocada como guardi\u00e3o da justi\u00e7a, protetora dos juramentos e sustent\u00e1culo da harmonia c\u00f3smica. Nada escapava ao seu olhar solar. Sua presen\u00e7a garantia que cada ato tivesse consequ\u00eancia e que cada sombra, cedo ou tarde, fosse tocada pela luz.<br>Celebrar Shapash neste dia \u00e9 honrar o princ\u00edpio da clareza, do discernimento e da consci\u00eancia desperta. \u00c9 lembrar que a luz n\u00e3o julga \u2014 ela apenas revela. Sob o Sol de Shapash, somos convidados a caminhar com integridade, a alinhar a\u00e7\u00f5es e inten\u00e7\u00f5es, e a permitir que a verdade ilumine nossos passos.<br>Neste 18 de janeiro, Shapash nos inspira a trazer luz ao cotidiano, aquecer o que estava frio, clarear o que estava confuso e seguir adiante com a serenidade de quem sabe que o dia sempre retorna ap\u00f3s a noite.<br>Que sua luz dourada desperte em n\u00f3s a coragem de viver com transpar\u00eancia, presen\u00e7a e prop\u00f3sito.<br><strong>Mantras a Luz que Revela<\/strong>: \u201cShapash, Sol eterno, ilumina minha consci\u00eancia e revela minha verdade.\u201d\/\u201cOnde a luz de Shapash toca, a clareza nasce e a ordem se restabelece.\u201d\/\u201cEu caminho sob o olhar do Sol sagrado, \u00edntegra(o), desperta(o) e presente.\u201d\/\u201cA luz do dia dissolve minhas sombras e fortalece meu cora\u00e7\u00e3o.\u201d\/\u201cShapash vive em mim como consci\u00eancia, verdade e justi\u00e7a.\u201d<br><strong>Afirma\u00e7\u00f5es para o Dia<\/strong>: Eu acolho a luz do dia como guia das minhas escolhas.<br>Minha consci\u00eancia se expande com clareza e discernimento.\/Tudo o que preciso compreender se revela no tempo certo.\/Eu ajo com integridade, pois a luz habita meus passos.\/Permito que a verdade ilumine minhas emo\u00e7\u00f5es, pensamentos e a\u00e7\u00f5es.\/Sou um canal vivo da luz que organiza, aquece e desperta.<\/p>\n\n\n\n<p><strong>Medita\u00e7\u00e3o Dirigida \u2013 Sob o Sol de Shapash<\/strong>:<\/p>\n\n\n\n<p>Encontre uma posi\u00e7\u00e3o confort\u00e1vel. Permita que seu corpo relaxe, como a terra ao amanhecer. Respire profundamente\u2026 inspirando luz\u2026 e expirando qualquer sombra acumulada. Imagine agora o Sol nascendo lentamente no horizonte.<br>Sua luz n\u00e3o \u00e9 agressiva, \u00e9 dourada, consciente e viva. Este \u00e9 o Sol de Shapash, a deusa da luz do dia. Sinta esse brilho tocar o topo da sua cabe\u00e7a,<br>descendo suavemente pelo rosto, iluminando seus olhos \u2014 trazendo clareza.<br>Iluminando sua garganta \u2014 trazendo verdade. Iluminando seu cora\u00e7\u00e3o \u2014 trazendo retid\u00e3o e equil\u00edbrio. A luz continua descendo, tocando o plexo solar, ativando sua for\u00e7a interior, seu senso de justi\u00e7a consigo e com o mundo.<br>Agora visualize essa luz se expandindo ao seu redor, criando um campo luminoso de consci\u00eancia. Dentro dele, tudo \u00e9 visto com honestidade,<br>tudo \u00e9 acolhido sem julgamento, tudo encontra seu lugar natural.<br>Em sil\u00eancio, repita internamente: \u201cQue a luz revele o que precisa ser visto.\u201d<br>\u201cQue eu caminhe em verdade sob o Sol sagrado.\u201d<br>Permane\u00e7a alguns instantes nesse estado, sentindo-se alinhada(o) com o ritmo do dia, com a clareza da consci\u00eancia desperta, com a serenidade de quem confia na luz. Quando sentir, inspire profundamente mais uma vez\u2026<br>e ao expirar, traga essa luz para o seu cotidiano.<br>Que Shapash, a antiga guardi\u00e3 do Sol e da verdade, ilumine seus caminhos,<br>clareie suas escolhas e aque\u00e7a sua jornada.<\/p>\n\n\n\n<p>Lembre-se que, celebrar o 18 de janeiro \u00e9 reconhecer que a luz se manifesta de muitas formas: no Sol que nasce, na aurora que desperta, na casa que protege. \u00c9 um convite a alinhar consci\u00eancia, gratid\u00e3o e presen\u00e7a \u2014 permitindo que a luz exterior desperte, tamb\u00e9m, a luz interior.<\/p>\n\n\n\n<p>Namast\u00ea!<\/p>\n\n\n\n<p><\/p>\n","protected":false},"excerpt":{"rendered":"<p>O 18 de janeiro \u00e9 um dia em que a humanidade, em diferentes culturas e tempos, volta o olhar para a luz que sustenta a vida e para o lar que a acolhe.<\/p>\n","protected":false},"author":2,"featured_media":3493,"comment_status":"closed","ping_status":"open","sticky":false,"template":"","format":"standard","meta":{"footnotes":""},"categories":[693],"tags":[747,752,748,751,749,750,316,746],"class_list":["post-3492","post","type-post","status-publish","format-standard","has-post-thumbnail","hentry","category-dia-a-dia","tag-18-de-janeiro","tag-afirmacoes-para-o-dia-a-dia","tag-deus-zao-jun","tag-deusa-shapash","tag-deusa-usas","tag-deuses-surya","tag-mantras","tag-meditacoes"],"_links":{"self":[{"href":"https:\/\/luzemhisterio.com\/blog\/wp-json\/wp\/v2\/posts\/3492","targetHints":{"allow":["GET"]}}],"collection":[{"href":"https:\/\/luzemhisterio.com\/blog\/wp-json\/wp\/v2\/posts"}],"about":[{"href":"https:\/\/luzemhisterio.com\/blog\/wp-json\/wp\/v2\/types\/post"}],"author":[{"embeddable":true,"href":"https:\/\/luzemhisterio.com\/blog\/wp-json\/wp\/v2\/users\/2"}],"replies":[{"embeddable":true,"href":"https:\/\/luzemhisterio.com\/blog\/wp-json\/wp\/v2\/comments?post=3492"}],"version-history":[{"count":1,"href":"https:\/\/luzemhisterio.com\/blog\/wp-json\/wp\/v2\/posts\/3492\/revisions"}],"predecessor-version":[{"id":3498,"href":"https:\/\/luzemhisterio.com\/blog\/wp-json\/wp\/v2\/posts\/3492\/revisions\/3498"}],"wp:featuredmedia":[{"embeddable":true,"href":"https:\/\/luzemhisterio.com\/blog\/wp-json\/wp\/v2\/media\/3493"}],"wp:attachment":[{"href":"https:\/\/luzemhisterio.com\/blog\/wp-json\/wp\/v2\/media?parent=3492"}],"wp:term":[{"taxonomy":"category","embeddable":true,"href":"https:\/\/luzemhisterio.com\/blog\/wp-json\/wp\/v2\/categories?post=3492"},{"taxonomy":"post_tag","embeddable":true,"href":"https:\/\/luzemhisterio.com\/blog\/wp-json\/wp\/v2\/tags?post=3492"}],"curies":[{"name":"wp","href":"https:\/\/api.w.org\/{rel}","templated":true}]}}