{"id":3531,"date":"2026-01-27T15:33:18","date_gmt":"2026-01-27T15:33:18","guid":{"rendered":"https:\/\/luzemhisterio.com\/blog\/?p=3531"},"modified":"2026-01-27T15:33:19","modified_gmt":"2026-01-27T15:33:19","slug":"dia-a-dia-24-de-janeiro","status":"publish","type":"post","link":"https:\/\/luzemhisterio.com\/blog\/diario-da-alquimista\/dia-a-dia\/dia-a-dia-24-de-janeiro\/","title":{"rendered":"Dia a dia &#8211; 24 de Janeiro"},"content":{"rendered":"<div class=\"wp-block-image\">\n<figure class=\"aligncenter size-large\"><a href=\"https:\/\/luzemhisterio.com\/blog\/wp-content\/uploads\/2026\/01\/24-janeiro.png\"><img loading=\"lazy\" decoding=\"async\" width=\"1024\" height=\"683\" src=\"https:\/\/luzemhisterio.com\/blog\/wp-content\/uploads\/2026\/01\/24-janeiro-1024x683.png\" alt=\"\" class=\"wp-image-3532\" srcset=\"https:\/\/luzemhisterio.com\/blog\/wp-content\/uploads\/2026\/01\/24-janeiro-1024x683.png 1024w, https:\/\/luzemhisterio.com\/blog\/wp-content\/uploads\/2026\/01\/24-janeiro-300x200.png 300w, https:\/\/luzemhisterio.com\/blog\/wp-content\/uploads\/2026\/01\/24-janeiro-768x512.png 768w, https:\/\/luzemhisterio.com\/blog\/wp-content\/uploads\/2026\/01\/24-janeiro-600x400.png 600w, https:\/\/luzemhisterio.com\/blog\/wp-content\/uploads\/2026\/01\/24-janeiro-945x630.png 945w, https:\/\/luzemhisterio.com\/blog\/wp-content\/uploads\/2026\/01\/24-janeiro.png 1536w\" sizes=\"auto, (max-width: 1024px) 100vw, 1024px\" \/><\/a><\/figure>\n<\/div>\n\n\n<p>O dia 24 de janeiro se abre como um portal simb\u00f3lico onde diferentes culturas, distantes no mapa, se encontram na mesma frequ\u00eancia essencial: cuidar da vida, sustentar a esperan\u00e7a e honrar a abund\u00e2ncia.<br>Hoje, os arqu\u00e9tipos se apresentam em m\u00faltiplas faces: a Grande M\u00e3e curadora, que purifica e protege os corpos e a terra; a Chama viva, que aquece o lar, ilumina o caminho e mant\u00e9m a f\u00e9 acesa em tempos de sil\u00eancio; e o Guardi\u00e3o da Prosperidade, que recorda que a fartura nasce da alegria, do trabalho consciente e da gratid\u00e3o di\u00e1ria.<br>Neste dia de de presen\u00e7a, acenda as luzes \u2014 internas e externas \u2014, alinhe desejos com a\u00e7\u00f5es e lembre que a espiritualidade se manifesta nos gestos simples do cotidiano.<br>Que os arqu\u00e9tipos de hoje nos inspirem a curar, iluminar e prosperar, cada qual \u00e0 sua maneira, tecendo equil\u00edbrio entre corpo, alma, lar e mundo.<\/p>\n\n\n\n<p><strong>Palavra do dia<\/strong>: Que a vida se cure, se ilumine e prospere, para que possamos quando honrar a luz interior, com cuidado di\u00e1rio e a gratid\u00e3o pelo que j\u00e1 floresce.<\/p>\n\n\n\n<p><strong>Ritual do Dia<\/strong>: Voc\u00ea vai precisar de: Um copo com \u00e1gua \u2013 Uma moeda ou pequeno objeto que represente prosperidade<br>Em um momento de calma, coloque a \u00e1gua ao lado esquerdo e a moeda ao lado direito. Respire profundamente tr\u00eas vezes, trazendo a aten\u00e7\u00e3o para o cora\u00e7\u00e3o.<br>Diga em voz baixa ou mentalmente:<br>\u201cConsagro este dia \u00e0 luz que cura, aquece e sustenta a vida.\u201d<br>Toque o copo com \u00e1gua e imagine que ela absorve tudo o que precisa ser purificado \u2014 cansa\u00e7os, excessos, preocupa\u00e7\u00f5es.<br>Segure a moeda e visualize seguran\u00e7a, equil\u00edbrio e abund\u00e2ncia fluindo de forma simples e constante em sua vida.<br>Beba a \u00e1gua lentamente, com presen\u00e7a e gratid\u00e3o.<br>Finalize agradecendo, sabendo que o que foi alinhado hoje seguir\u00e1 seu curso natural.<br>Quando luz, cuidado e gratid\u00e3o caminham juntos, a vida responde com equil\u00edbrio.<\/p>\n\n\n<div class=\"wp-block-image\">\n<figure class=\"aligncenter size-large\"><a href=\"https:\/\/luzemhisterio.com\/blog\/wp-content\/uploads\/2026\/01\/bisal-mariamnam.png\"><img loading=\"lazy\" decoding=\"async\" width=\"683\" height=\"1024\" src=\"https:\/\/luzemhisterio.com\/blog\/wp-content\/uploads\/2026\/01\/bisal-mariamnam-683x1024.png\" alt=\"\" class=\"wp-image-3533\" srcset=\"https:\/\/luzemhisterio.com\/blog\/wp-content\/uploads\/2026\/01\/bisal-mariamnam-683x1024.png 683w, https:\/\/luzemhisterio.com\/blog\/wp-content\/uploads\/2026\/01\/bisal-mariamnam-200x300.png 200w, https:\/\/luzemhisterio.com\/blog\/wp-content\/uploads\/2026\/01\/bisal-mariamnam-768x1152.png 768w, https:\/\/luzemhisterio.com\/blog\/wp-content\/uploads\/2026\/01\/bisal-mariamnam-600x900.png 600w, https:\/\/luzemhisterio.com\/blog\/wp-content\/uploads\/2026\/01\/bisal-mariamnam-945x1418.png 945w, https:\/\/luzemhisterio.com\/blog\/wp-content\/uploads\/2026\/01\/bisal-mariamnam.png 1024w\" sizes=\"auto, (max-width: 683px) 100vw, 683px\" \/><\/a><\/figure>\n<\/div>\n\n\n<p class=\"has-text-align-center\"><strong>24 de janeiro \u2013 Celebra\u00e7\u00e3o de Bisal Mariamna (\u00cdndia)<\/strong><\/p>\n\n\n\n<p>Em muitas regi\u00f5es da \u00cdndia, especialmente no sul do pa\u00eds, celebra-se Bisal Mariamna, uma forma local e profundamente reverenciada da Deusa Mariamman, a Grande M\u00e3e da Terra, guardi\u00e3 da sa\u00fade, das \u00e1guas, das chuvas e da vida que pulsa nos ciclos naturais.<br>Bisal Mariamna \u00e9 a deusa que caminha pr\u00f3xima do povo. Sua presen\u00e7a \u00e9 sentida nas aldeias, nos campos, nos corpos e nas emo\u00e7\u00f5es. Ela rege as for\u00e7as da cura, da purifica\u00e7\u00e3o e da prote\u00e7\u00e3o contra doen\u00e7as, especialmente aquelas ligadas ao calor excessivo, \u00e0s febres e aos desequil\u00edbrios coletivos. Onde Mariamna \u00e9 honrada, a comunidade se re\u00fane n\u00e3o apenas para pedir b\u00ean\u00e7\u00e3os, mas para restabelecer harmonia entre o humano, a natureza e o sagrado.<br>A celebra\u00e7\u00e3o costuma ser intensa e viva: h\u00e1 prociss\u00f5es, c\u00e2nticos devocionais, oferendas de flores, \u00e1gua, coco, frutas e alimentos simples. O fogo e a \u00e1gua aparecem como s\u00edmbolos centrais \u2014 o fogo que transforma e queima impurezas, e a \u00e1gua que refresca, acalma e devolve a vida. Em muitos lugares, rituais de purifica\u00e7\u00e3o corporal e espiritual s\u00e3o realizados como forma de entrega confiante \u00e0 M\u00e3e Divina.<br>O ritual neste dia, representa a for\u00e7a feminina primitiva, aquela que n\u00e3o \u00e9 distante nem abstrata. Ela \u00e9 a deusa que sente, que protege, que corrige quando necess\u00e1rio e que cura com firmeza e compaix\u00e3o. Seu culto lembra que a verdadeira sa\u00fade nasce do respeito aos ciclos naturais, ao corpo, \u00e0 comunidade e \u00e0 terra.<br>Celebrar Bisal Mariamna no mundo contempor\u00e2neo \u00e9 tamb\u00e9m um convite simb\u00f3lico:<br>cuidar do corpo como templo, honrar as emo\u00e7\u00f5es, respeitar os limites, purificar pensamentos e restaurar o v\u00ednculo com a natureza viva. \u00c9 reconhecer que a cura n\u00e3o \u00e9 apenas individual, mas coletiva \u2014 e que a M\u00e3e Terra responde quando \u00e9 escutada com devo\u00e7\u00e3o sincera.<br>Neste 24 de janeiro, Bisal Mariamna nos lembra:<br>onde h\u00e1 cuidado, h\u00e1 prote\u00e7\u00e3o; onde h\u00e1 respeito, h\u00e1 cura; onde h\u00e1 entrega, a vida floresce novamente.<\/p>\n\n\n\n<p><strong>Medita\u00e7\u00e3o Dirigida<\/strong> \u2013 O Abra\u00e7o da M\u00e3e da Terra<br>Sente-se confortavelmente. Feche os olhos e leve a aten\u00e7\u00e3o \u00e0 respira\u00e7\u00e3o.<br>Inspire lenta e profundamente\u2026 Expire, soltando o peso do dia.<br>Imagine agora que voc\u00ea est\u00e1 descal\u00e7a(o) sobre a terra morna. Sinta o calor suave subir pelos p\u00e9s, n\u00e3o como inc\u00f4modo, mas como energia viva despertando o corpo. \u00c0 sua frente, visualize Bisal Mariamna \u2014 forte, serena, presente.<br>De suas m\u00e3os fluem \u00e1gua fresca e luz. Ela toca suavemente seu corpo,<br>refrescando onde h\u00e1 excesso, aquecendo onde h\u00e1 vazio.<br>Permita que toda tens\u00e3o, dor ou cansa\u00e7o escorra para a terra, onde \u00e9 acolhido e transformado. Sinta-se envolvida(o) por um campo de prote\u00e7\u00e3o, como um colo firme e amoroso. Permane\u00e7a alguns instantes nesse sil\u00eancio nutritivo.<br>Quando sentir, agrade\u00e7a internamente. Inspire fundo mais uma vez\u2026<br>Expire devagar\u2026 E, ao abrir os olhos, traga consigo a sensa\u00e7\u00e3o de cuidado, equil\u00edbrio e vida restaurada.<\/p>\n\n\n\n<p><strong>Mantras<\/strong>: Om Sri Bisal Mariamman Namah &#8211; M\u00e3e da Terra Viva, purifica meu corpo, minha mente e meu caminho. &#8211; No calor da vida, tua \u00e1gua sagrada me refresca e me cura. &#8211; Eu honro a for\u00e7a feminina que protege, corrige e restaura. &#8211; Onde a M\u00e3e pisa, a doen\u00e7a se dissolve e a vida floresce.<\/p>\n\n\n\n<p><strong>Afirma\u00e7\u00f5es Alinhadas \u00e0 Celebra\u00e7\u00e3o<\/strong>: Eu estou em harmonia com os ciclos da Terra e do meu corpo. &#8211; A energia da Grande M\u00e3e me envolve com prote\u00e7\u00e3o e cura. &#8211; Libero agora todo excesso, toda febre emocional, todo peso antigo.<br>Minha sa\u00fade se renova no equil\u00edbrio entre fogo e \u00e1gua. &#8211; Sou parte viva da comunidade da Terra e caminho em respeito e gratid\u00e3o.<\/p>\n\n\n\n<p>Que a presen\u00e7a de Bisal Mariamna restaure nossa for\u00e7a vital e a nossa confian\u00e7a neste lindo dia.<\/p>\n\n\n<div class=\"wp-block-image\">\n<figure class=\"aligncenter size-large\"><a href=\"https:\/\/luzemhisterio.com\/blog\/wp-content\/uploads\/2026\/01\/dia-das-velas.png\"><img loading=\"lazy\" decoding=\"async\" width=\"683\" height=\"1024\" src=\"https:\/\/luzemhisterio.com\/blog\/wp-content\/uploads\/2026\/01\/dia-das-velas-683x1024.png\" alt=\"\" class=\"wp-image-3534\" srcset=\"https:\/\/luzemhisterio.com\/blog\/wp-content\/uploads\/2026\/01\/dia-das-velas-683x1024.png 683w, https:\/\/luzemhisterio.com\/blog\/wp-content\/uploads\/2026\/01\/dia-das-velas-200x300.png 200w, https:\/\/luzemhisterio.com\/blog\/wp-content\/uploads\/2026\/01\/dia-das-velas-768x1152.png 768w, https:\/\/luzemhisterio.com\/blog\/wp-content\/uploads\/2026\/01\/dia-das-velas-600x900.png 600w, https:\/\/luzemhisterio.com\/blog\/wp-content\/uploads\/2026\/01\/dia-das-velas-945x1418.png 945w, https:\/\/luzemhisterio.com\/blog\/wp-content\/uploads\/2026\/01\/dia-das-velas.png 1024w\" sizes=\"auto, (max-width: 683px) 100vw, 683px\" \/><\/a><\/figure>\n<\/div>\n\n\n<p class=\"has-text-align-center\"><strong>24 de janeiro \u2013 Festival das Velas | Hungria<\/strong><\/p>\n\n\n\n<p>No dia 24 de janeiro, na Hungria, celebra-se o Festival das Velas, uma antiga tradi\u00e7\u00e3o popular profundamente ligada \u00e0 luz interior, \u00e0 prote\u00e7\u00e3o do lar e \u00e0 esperan\u00e7a no cora\u00e7\u00e3o do inverno. \u00c9 um dia em que a chama se torna linguagem sagrada: pequena, silenciosa, mas capaz de atravessar a escurid\u00e3o mais longa.<br>Em pleno inverno europeu, quando os dias ainda s\u00e3o curtos e a terra repousa sob o frio, as velas s\u00e3o acesas como s\u00edmbolos de vida que resiste, de calor humano e de f\u00e9 no retorno da luz. Cada chama representa um desejo, uma prece, uma inten\u00e7\u00e3o silenciosa oferecida ao futuro.<br>Historicamente, o festival est\u00e1 associado \u00e0s b\u00ean\u00e7\u00e3os do lar, da fam\u00edlia e do destino. As velas eram acesas nas janelas, mesas e altares dom\u00e9sticos para afastar energias densas, proteger contra doen\u00e7as e infort\u00fanios e atrair prosperidade, sa\u00fade e harmonia para o novo ciclo que lentamente come\u00e7a a despontar.<br>Mais do que um ato religioso, o Festival das Velas \u00e9 um rito de presen\u00e7a. Ele ensina que, mesmo quando tudo parece im\u00f3vel ou escuro, existe uma luz que pode ser cultivada \u2014 dentro de cada casa e dentro de cada pessoa. A vela n\u00e3o luta contra a noite: ela simplesmente ilumina.<br>Celebrar este festival no mundo contempor\u00e2neo \u00e9 um convite po\u00e9tico e consciente: acender uma vela com inten\u00e7\u00e3o, silenciar por alguns instantes,<br>agradecer pelo que sustentou a travessia do inverno e confiar no renascimento que se aproxima.<br>Neste dia, o Festival das Velas nos recorda: n\u00e3o \u00e9 a for\u00e7a do vento que define o caminho, mas a const\u00e2ncia da chama. Uma luz simples, acesa com verdade, \u00e9 suficiente para orientar a alma.<\/p>\n\n\n\n<p><strong>Mantras<\/strong>: Eu sou a luz que permanece acesa, mesmo no inverno da vida.<br>Chama sagrada, ilumina meu caminho com clareza e verdade.<br>Onde h\u00e1 inten\u00e7\u00e3o pura, a luz se multiplica.<br>Minha presen\u00e7a aquece, protege e sustenta.<br>Eu confio no retorno natural da luz.<\/p>\n\n\n\n<p><strong>Afirma\u00e7\u00f5es:<\/strong><br>A luz que acendo fora desperta a luz que habita em mim.<br>Meu lar \u00e9 protegido, aquecido e envolvido em harmonia.<br>Mesmo nos per\u00edodos de sil\u00eancio, a vida trabalha a meu favor.<br>Cada pequena chama fortalece minha esperan\u00e7a e minha f\u00e9.<br>Eu honro os ciclos e confio no tempo do renascimento.<br>Sou guardi\u00e3(o) da minha pr\u00f3pria luz.<\/p>\n\n\n\n<p><strong>Pequeno Ritual da Vela Consagrada<\/strong><\/p>\n\n\n\n<p>Voc\u00ea vai precisar de: \u2013 1 vela branca ou amarela \u2013 Um pires ou suporte seguro<br>Escolha um local tranquilo. Antes de acender a vela, segure-a entre as m\u00e3os por alguns instantes. Feche os olhos e mentalize uma luz suave se formando no centro do peito. Acenda a vela e diga, em voz baixa ou mentalmente:<br>\u201cConsagro esta chama \u00e0 luz que me guia, protege e renova.\u201d<br>Observe a chama por alguns instantes, respirando calmamente.<br>A cada inspira\u00e7\u00e3o, imagine que a luz se fortalece dentro de voc\u00ea.<br>A cada expira\u00e7\u00e3o, solte medos, cansa\u00e7os e d\u00favidas.<br>Fa\u00e7a um pedido simples ou uma inten\u00e7\u00e3o clara para este novo ciclo.<br>Agrade\u00e7a e permita que a vela queime at\u00e9 o fim ou apague-a com respeito, nunca soprando, se preferir concluir.<br>Este ritual sela a mensagem do Festival das Velas: quando cuidamos da chama interior, nenhuma escurid\u00e3o \u00e9 permanente.<br>Acenda sua chama interior neste aben\u00e7oado dia.<\/p>\n\n\n<div class=\"wp-block-image\">\n<figure class=\"aligncenter size-large is-resized\"><a href=\"https:\/\/luzemhisterio.com\/blog\/wp-content\/uploads\/2026\/01\/ekeko2.png\"><img loading=\"lazy\" decoding=\"async\" width=\"683\" height=\"1024\" src=\"https:\/\/luzemhisterio.com\/blog\/wp-content\/uploads\/2026\/01\/ekeko2-683x1024.png\" alt=\"\" class=\"wp-image-3535\" style=\"width:683px;height:auto\" srcset=\"https:\/\/luzemhisterio.com\/blog\/wp-content\/uploads\/2026\/01\/ekeko2-683x1024.png 683w, https:\/\/luzemhisterio.com\/blog\/wp-content\/uploads\/2026\/01\/ekeko2-200x300.png 200w, https:\/\/luzemhisterio.com\/blog\/wp-content\/uploads\/2026\/01\/ekeko2-768x1152.png 768w, https:\/\/luzemhisterio.com\/blog\/wp-content\/uploads\/2026\/01\/ekeko2-600x900.png 600w, https:\/\/luzemhisterio.com\/blog\/wp-content\/uploads\/2026\/01\/ekeko2-945x1418.png 945w, https:\/\/luzemhisterio.com\/blog\/wp-content\/uploads\/2026\/01\/ekeko2.png 1024w\" sizes=\"auto, (max-width: 683px) 100vw, 683px\" \/><\/a><\/figure>\n<\/div>\n\n\n<p class=\"has-text-align-center\"><strong>24 de janeiro \u2013 Celebra\u00e7\u00e3o de Ekeko | Bol\u00edvia<\/strong><\/p>\n\n\n\n<p>No dia 24 de janeiro, na Bol\u00edvia, celebra-se Ekeko, o antigo e querido deus andino da abund\u00e2ncia, da prosperidade, da alegria cotidiana e da realiza\u00e7\u00e3o concreta dos desejos. Pequeno em forma, mas imenso em significado, Ekeko representa a prosperidade que nasce do cuidado di\u00e1rio, do trabalho constante e da gratid\u00e3o pela vida simples.<br>Tradicionalmente retratado como um homem sorridente, carregando sacos, alimentos, ferramentas, dinheiro, casas em miniatura e objetos do cotidiano, Ekeko simboliza a fartura que se constr\u00f3i no mundo material, mas que come\u00e7a no campo invis\u00edvel da inten\u00e7\u00e3o. Ele \u00e9 o guardi\u00e3o do lar, da economia dom\u00e9stica, da mesa farta e da seguran\u00e7a b\u00e1sica da fam\u00edlia.<br>A celebra\u00e7\u00e3o de Ekeko est\u00e1 profundamente ligada \u00e0s feiras populares e aos rituais de miniaturas \u2014 pr\u00e1tica ancestral que expressa o desejo de materializar sonhos. Objetos em pequena escala representam aquilo que se deseja conquistar no futuro: sa\u00fade, trabalho, casa, amor, estudos, viagens. Ao oferecer essas miniaturas a Ekeko, o povo andino reafirma sua confian\u00e7a no fluxo da vida e no esfor\u00e7o alinhado ao destino.<br>Outro elemento marcante do culto \u00e9 o fumo: acredita-se que Ekeko aprecia receber cigarros acesos como oferenda simb\u00f3lica, gesto que representa troca, respeito e reciprocidade. Quando bem tratado, Ekeko sorri e traz sorte; quando esquecido, a prosperidade estagna \u2014 lembrando que a abund\u00e2ncia exige aten\u00e7\u00e3o e consci\u00eancia.<br>Celebrar Ekeko no mundo contempor\u00e2neo \u00e9 um chamado para: honrar o trabalho,<br>valorizar o que j\u00e1 se tem, cultivar alegria mesmo nas pequenas conquistas<br>e reconhecer que prosperidade n\u00e3o \u00e9 excesso, mas equil\u00edbrio.<br>Ekeko nos ensina que a verdadeira fartura acontece quando o desejo encontra a\u00e7\u00e3o, e quando o cora\u00e7\u00e3o permanece agradecido.<br>Onde h\u00e1 gratid\u00e3o, a abund\u00e2ncia encontra caminho.<\/p>\n\n\n\n<p><strong>Mantras:<\/strong><br>Ekeko, guardi\u00e3o da fartura, caminha comigo.<br>Onde coloco inten\u00e7\u00e3o e trabalho, a abund\u00e2ncia floresce.<br>A alegria abre os caminhos da prosperidade.<br>Recebo com gratid\u00e3o e compartilho com consci\u00eancia.<br>O que \u00e9 justo, necess\u00e1rio e bom chega at\u00e9 mim.<\/p>\n\n\n\n<p><strong>Afirma\u00e7\u00f5es Alinhadas \u00e0 Energia de Ekeko:<\/strong><br>A prosperidade flui naturalmente em minha vida.<br>Honro meu trabalho e reconhe\u00e7o meu valor.<br>Minha casa \u00e9 um espa\u00e7o de seguran\u00e7a, alegria e fartura.<br>A abund\u00e2ncia se manifesta nos detalhes do dia a dia.<br>Sou merecedora(o) de estabilidade, conforto e bem-estar.<br>Tudo o que preciso chega no tempo certo e na medida exata.<\/p>\n\n\n\n<p><strong>Ritual Singelo de Ekeko<\/strong><\/p>\n\n\n\n<p>Voc\u00ea vai precisar de: \u2013 Um pequeno objeto que represente um desejo (ou um desenho escrito \u00e0 m\u00e3o) \u2013 Uma moeda<br>Escolha um local tranquilo da casa, de prefer\u00eancia pr\u00f3ximo \u00e0 cozinha ou \u00e0 mesa. Coloque o objeto ou o papel diante de voc\u00ea e segure a moeda entre as m\u00e3os. Respire fundo tr\u00eas vezes, sorrindo suavemente \u2014 Ekeko responde \u00e0 alegria.<br>Diga em voz baixa ou mentalmente: \u201cEkeko, guardi\u00e3o da fartura, aben\u00e7oe meus caminhos com equil\u00edbrio, trabalho e prosperidade.\u201d<br>Visualize seu desejo se realizando de forma concreta e simples, integrado \u00e0 sua vida real.<br>Coloque a moeda em sua carteira ou em um local especial, como s\u00edmbolo de circula\u00e7\u00e3o consciente da abund\u00e2ncia.<br>Agrade\u00e7a, encerrando com confian\u00e7a, sem ansiedade.<\/p>\n\n\n\n<p>Lembre-se que a prosperidade cresce onde h\u00e1 cuidado, a\u00e7\u00e3o e gratid\u00e3o di\u00e1ria.<\/p>\n\n\n\n<p>Um lindo dia para todos n\u00f3s.<br>Namast\u00ea!<\/p>\n","protected":false},"excerpt":{"rendered":"<p>O dia 24 de janeiro se abre como um portal simb\u00f3lico onde diferentes culturas, distantes no mapa, se encontram na mesma frequ\u00eancia essencial: cuidar da vida, sustentar a esperan\u00e7a e honrar a abund\u00e2ncia.<\/p>\n","protected":false},"author":2,"featured_media":3532,"comment_status":"closed","ping_status":"open","sticky":false,"template":"","format":"standard","meta":{"footnotes":""},"categories":[693],"tags":[759,745,760,762,761,316,25,763],"class_list":["post-3531","post","type-post","status-publish","format-standard","has-post-thumbnail","hentry","category-dia-a-dia","tag-24-de-janeiro","tag-afirmacoes","tag-bisal-mariamna","tag-celebracao-de-ekeko","tag-festival-das-velas","tag-mantras","tag-meditacao","tag-ritauis"],"_links":{"self":[{"href":"https:\/\/luzemhisterio.com\/blog\/wp-json\/wp\/v2\/posts\/3531","targetHints":{"allow":["GET"]}}],"collection":[{"href":"https:\/\/luzemhisterio.com\/blog\/wp-json\/wp\/v2\/posts"}],"about":[{"href":"https:\/\/luzemhisterio.com\/blog\/wp-json\/wp\/v2\/types\/post"}],"author":[{"embeddable":true,"href":"https:\/\/luzemhisterio.com\/blog\/wp-json\/wp\/v2\/users\/2"}],"replies":[{"embeddable":true,"href":"https:\/\/luzemhisterio.com\/blog\/wp-json\/wp\/v2\/comments?post=3531"}],"version-history":[{"count":1,"href":"https:\/\/luzemhisterio.com\/blog\/wp-json\/wp\/v2\/posts\/3531\/revisions"}],"predecessor-version":[{"id":3536,"href":"https:\/\/luzemhisterio.com\/blog\/wp-json\/wp\/v2\/posts\/3531\/revisions\/3536"}],"wp:featuredmedia":[{"embeddable":true,"href":"https:\/\/luzemhisterio.com\/blog\/wp-json\/wp\/v2\/media\/3532"}],"wp:attachment":[{"href":"https:\/\/luzemhisterio.com\/blog\/wp-json\/wp\/v2\/media?parent=3531"}],"wp:term":[{"taxonomy":"category","embeddable":true,"href":"https:\/\/luzemhisterio.com\/blog\/wp-json\/wp\/v2\/categories?post=3531"},{"taxonomy":"post_tag","embeddable":true,"href":"https:\/\/luzemhisterio.com\/blog\/wp-json\/wp\/v2\/tags?post=3531"}],"curies":[{"name":"wp","href":"https:\/\/api.w.org\/{rel}","templated":true}]}}