{"id":3537,"date":"2026-01-27T16:50:37","date_gmt":"2026-01-27T16:50:37","guid":{"rendered":"https:\/\/luzemhisterio.com\/blog\/?p=3537"},"modified":"2026-01-27T16:50:38","modified_gmt":"2026-01-27T16:50:38","slug":"dia-a-dia-celebre-25-de-janeiro","status":"publish","type":"post","link":"https:\/\/luzemhisterio.com\/blog\/diario-da-alquimista\/dia-a-dia\/dia-a-dia-celebre-25-de-janeiro\/","title":{"rendered":"Dia a Dia: Celebre 25 de Janeiro"},"content":{"rendered":"<div class=\"wp-block-image\">\n<figure class=\"aligncenter size-large\"><a href=\"https:\/\/luzemhisterio.com\/blog\/wp-content\/uploads\/2026\/01\/25-janeiro.png\"><img loading=\"lazy\" decoding=\"async\" width=\"1024\" height=\"683\" src=\"https:\/\/luzemhisterio.com\/blog\/wp-content\/uploads\/2026\/01\/25-janeiro-1024x683.png\" alt=\"\" class=\"wp-image-3539\" srcset=\"https:\/\/luzemhisterio.com\/blog\/wp-content\/uploads\/2026\/01\/25-janeiro-1024x683.png 1024w, https:\/\/luzemhisterio.com\/blog\/wp-content\/uploads\/2026\/01\/25-janeiro-300x200.png 300w, https:\/\/luzemhisterio.com\/blog\/wp-content\/uploads\/2026\/01\/25-janeiro-768x512.png 768w, https:\/\/luzemhisterio.com\/blog\/wp-content\/uploads\/2026\/01\/25-janeiro-600x400.png 600w, https:\/\/luzemhisterio.com\/blog\/wp-content\/uploads\/2026\/01\/25-janeiro-945x630.png 945w, https:\/\/luzemhisterio.com\/blog\/wp-content\/uploads\/2026\/01\/25-janeiro.png 1536w\" sizes=\"auto, (max-width: 1024px) 100vw, 1024px\" \/><\/a><\/figure>\n<\/div>\n\n\n<p class=\"has-text-align-center\"><strong>No dia 25 de janeiro, vamos lembrar do essencial: a vida \u00e9 c\u00edclica, protegida e tecida por for\u00e7as maiores.<\/strong><\/p>\n\n\n\n<p>Sob a luz da Lua, celebramos dois movimentos ancestrais que se reconhecem al\u00e9m das fronteiras. Do Oriente, o Festival Lunar de T\u1ebft, no Vietn\u00e3, nos convida ao recome\u00e7o consciente, \u00e0 limpeza do passado e \u00e0 honra aos ancestrais que sustentam o presente. Do Norte antigo, o Dia dedicado \u00e0s D\u00edsir, deusas protetoras dos homens, acompanhadas por Urdh, a guardi\u00e3 do destino j\u00e1 tecido, recorda que nenhum passo \u00e9 dado sem amparo invis\u00edvel.<br>Este \u00e9 um dia que fala de origem, destino e continuidade. Um portal onde o novo ciclo nasce aben\u00e7oado pela mem\u00f3ria, e onde o futuro n\u00e3o se imp\u00f5e \u2014 se alinha. As celebra\u00e7\u00f5es de hoje nos lembram que renovar a vida \u00e9 tamb\u00e9m respeitar o fio que nos trouxe at\u00e9 aqui.<br>Que este dia seja vivido com presen\u00e7a, gratid\u00e3o e confian\u00e7a.<br>Entre a Lua que renasce e o destino que sustenta, seguimos protegidos.<\/p>\n\n\n\n<p><strong>Palavra do dia<\/strong>: Sob a Lua que renova e o destino que protege, caminhamos confiantes, guiados pela mem\u00f3ria ancestral e pelo fio invis\u00edvel do recome\u00e7o.\u201d<\/p>\n\n\n\n<p><strong>Ritual do Recome\u00e7o, Prote\u00e7\u00e3o e Destino Consciente<\/strong><\/p>\n\n\n\n<p>Voc\u00ea vai precisar apenas de: um fio ou linha clara (branca, bege ou dourada)<br>um copo com \u00e1gua.<br>Sente-se em um lugar tranquilo. Coloque o copo com \u00e1gua \u00e0 sua frente e segure o fio entre as m\u00e3os. Respire fundo tr\u00eas vezes, sentindo o corpo chegar ao agora.(A \u00c1gua do Recome\u00e7o) &#8211; Olhe para a \u00e1gua e diga em voz baixa ou mentalmente: \u201cHonro o que passou e me abro ao novo ciclo.\u201d<br>Visualize a Lua renovando suas emo\u00e7\u00f5es e limpando o que n\u00e3o precisa mais ser levado adiante.<br>(O Fio do Destino)Segure o fio com delicadeza e declare:<br>\u201cConfio no caminho que me sustenta. Sou protegido(a) enquanto avan\u00e7o.\u201d<br>Sinta que esse fio representa o destino consciente, tecido com cuidado e sabedoria.<br>(B\u00ean\u00e7\u00e3o das Guardi\u00e3s) &#8211; Feche os olhos por alguns instantes e imagine uma presen\u00e7a protetora ao seu redor \u2014 firme, silenciosa, ancestral.<br>N\u00e3o pe\u00e7a nada. Apenas agrade\u00e7a.<br>Beba um pouco da \u00e1gua, em sinal de integra\u00e7\u00e3o. Guarde o fio em um local especial (bolsa, livro, altar ou caderno). Ele ser\u00e1 um lembrete sutil:<br>todo recome\u00e7o verdadeiro nasce protegido. Respire mais uma vez\u2026 E siga o dia com suavidade.<\/p>\n\n\n<div class=\"wp-block-image\">\n<figure class=\"aligncenter size-large\"><a href=\"https:\/\/luzemhisterio.com\/blog\/wp-content\/uploads\/2026\/01\/disir.png\"><img loading=\"lazy\" decoding=\"async\" width=\"683\" height=\"1024\" src=\"https:\/\/luzemhisterio.com\/blog\/wp-content\/uploads\/2026\/01\/disir-683x1024.png\" alt=\"\" class=\"wp-image-3540\" srcset=\"https:\/\/luzemhisterio.com\/blog\/wp-content\/uploads\/2026\/01\/disir-683x1024.png 683w, https:\/\/luzemhisterio.com\/blog\/wp-content\/uploads\/2026\/01\/disir-200x300.png 200w, https:\/\/luzemhisterio.com\/blog\/wp-content\/uploads\/2026\/01\/disir-768x1152.png 768w, https:\/\/luzemhisterio.com\/blog\/wp-content\/uploads\/2026\/01\/disir-600x900.png 600w, https:\/\/luzemhisterio.com\/blog\/wp-content\/uploads\/2026\/01\/disir-945x1418.png 945w, https:\/\/luzemhisterio.com\/blog\/wp-content\/uploads\/2026\/01\/disir.png 1024w\" sizes=\"auto, (max-width: 683px) 100vw, 683px\" \/><\/a><\/figure>\n<\/div>\n\n\n<p class=\"has-text-align-center\"><strong>25 de Janeiro &#8211; Dedicado \u00e0s D\u00edsir<\/strong><\/p>\n\n\n\n<p>H\u00e1 um dia sutil no calend\u00e1rio sagrado do Norte em que o sil\u00eancio se torna presen\u00e7a e o invis\u00edvel caminha ao lado dos vivos: o Dia dedicado \u00e0s D\u00edsir.<br>As D\u00edsir s\u00e3o antigas deusas protetoras dos homens, esp\u00edritos femininos ancestrais ligados \u00e0 linhagem, ao destino e \u00e0 continuidade da vida. N\u00e3o s\u00e3o deusas distantes, mas guardadoras pr\u00f3ximas, que acompanham cada ser humano como uma sombra benevolente, zelando pela honra, pela coragem e pelo fio invis\u00edvel que liga o indiv\u00edduo ao seu cl\u00e3.<br>Elas caminham ao lado de Urdh, a mais antiga das Nornas, a deusa do destino j\u00e1 tecido, aquela que guarda o passado e sustenta a raiz do tempo. As D\u00edsir atuam como mediadoras entre o que foi decidido e o que ainda pode ser vivido, protegendo o percurso humano dentro dos limites do destino tra\u00e7ado.<br>Este dia \u00e9 uma celebra\u00e7\u00e3o da prote\u00e7\u00e3o feminina arquet\u00edpica: a for\u00e7a que n\u00e3o domina, mas sustenta; que n\u00e3o interfere, mas orienta; que n\u00e3o grita, mas sussurra intui\u00e7\u00f5es. Honrar as D\u00edsir \u00e9 reconhecer que ningu\u00e9m caminha s\u00f3 \u2014 cada passo \u00e9 acompanhado por mem\u00f3rias ancestrais, por mulheres que vieram antes, por energias que conhecem o caminho mesmo quando a mente se perde.<br>Tradicionalmente, este \u00e9 um tempo de recolhimento respeitoso, onde se acendem pequenas luzes, oferecem-se alimentos simples e se pronunciam palavras de gratid\u00e3o. N\u00e3o se pede favores. Agradece-se a prote\u00e7\u00e3o j\u00e1 recebida, a sobreviv\u00eancia, os desvios evitados, as escolhas intu\u00eddas no momento certo.<br>No plano simb\u00f3lico e psicol\u00f3gico, o Dia das D\u00edsir nos convida a integrar o feminino protetor interno: a capacidade de cuidar de si, de honrar a pr\u00f3pria hist\u00f3ria, de respeitar os limites do destino sem perder a dignidade do livre-arb\u00edtrio. Sob o olhar de Urdh, aprendemos que o passado n\u00e3o aprisiona \u2014 ele sustenta.<br>Celebrar as D\u00edsir \u00e9 lembrar que o destino n\u00e3o \u00e9 uma senten\u00e7a fria, mas um tecido vivo, onde m\u00e3os invis\u00edveis ajudam a alinhar cada fio. \u00c9 um dia para caminhar com mais consci\u00eancia, confiando que, mesmo nas noites mais longas, h\u00e1 guardi\u00e3s antigas velando pelo caminho.<\/p>\n\n\n\n<p><strong>Mantras:<\/strong><\/p>\n\n\n\n<ul class=\"wp-block-list\">\n<li>D\u00edsir antigas, guardi\u00e3s do meu caminho, caminhem comigo no sil\u00eancio.<\/li>\n\n\n\n<li>Urdh, tecel\u00e3 do destino, sustenta meus passos com mem\u00f3ria e sabedoria.<\/li>\n\n\n\n<li>Honro minhas ancestrais, honro minha linhagem, honro minha hist\u00f3ria.<\/li>\n\n\n\n<li>Onde h\u00e1 d\u00favida, que a intui\u00e7\u00e3o das D\u00edsir me conduza.<\/li>\n\n\n\n<li>Confio no fio que me sustenta, mesmo quando n\u00e3o o vejo.<\/li>\n<\/ul>\n\n\n\n<p><strong>Afirma\u00e7\u00f5es de Prote\u00e7\u00e3o e Destino:<\/strong><\/p>\n\n\n\n<ul class=\"wp-block-list\">\n<li>Sou acompanhado(a) por for\u00e7as ancestrais de prote\u00e7\u00e3o e sabedoria.<\/li>\n\n\n\n<li>O destino que me sustenta honra minha hist\u00f3ria e respeita minha ess\u00eancia.<\/li>\n\n\n\n<li>Caminho com coragem, pois n\u00e3o estou s\u00f3.<\/li>\n\n\n\n<li>O passado me fortalece, n\u00e3o me aprisiona.<\/li>\n\n\n\n<li>Reconhe\u00e7o e acolho o feminino protetor que vive em mim.<\/li>\n\n\n\n<li>Minhas escolhas se alinham com o fio mais verdadeiro do meu destino.<\/li>\n<\/ul>\n\n\n\n<p><strong>Medita\u00e7\u00e3o Dirigida \u2013 O C\u00edrculo das Guardi\u00e3s<\/strong><\/p>\n\n\n\n<p>Encontre um lugar tranquilo. Sente-se ou deite-se confortavelmente.<br>Feche os olhos. Inspire profundamente\u2026 Expire lentamente\u2026 Permita que o corpo desacelere. Visualize agora um fio luminoso surgindo sob seus p\u00e9s.<br>Ele \u00e9 antigo. Feito de mem\u00f3ria, experi\u00eancia e tempo. \u00c0 sua volta, come\u00e7am a se formar presen\u00e7as femininas sutis. Elas n\u00e3o t\u00eam um rosto definido, mas voc\u00ea sente acolhimento, firmeza e prote\u00e7\u00e3o. S\u00e3o as D\u00edsir, guardi\u00e3s do seu caminho.<br>Atr\u00e1s delas, um pouco mais distante, voc\u00ea percebe Urdh, sentada junto \u00e0 raiz de uma grande \u00e1rvore. Ela segura o fio do destino com serenidade. Nada for\u00e7a.<br>Nada apressa. As D\u00edsir se aproximam e dizem, sem palavras:<br>\u201cVoc\u00ea pertence. Voc\u00ea \u00e9 sustentado(a). Voc\u00ea n\u00e3o caminha s\u00f3.\u201d<br>Sinta essas palavras se acomodando em seu peito. Permita que mem\u00f3rias ancestrais de for\u00e7a despertem suavemente dentro de voc\u00ea.<br>Agora, leve sua aten\u00e7\u00e3o ao cora\u00e7\u00e3o e declare, em sil\u00eancio ou em voz baixa:<br>\u201cAceito caminhar com consci\u00eancia, honra e prote\u00e7\u00e3o.\u201d<br>Respire mais uma vez\u2026 E outra\u2026 Quando sentir que \u00e9 o momento, agrade\u00e7a.<br>As figuras se afastam lentamente, mas o fio permanece firme sob seus p\u00e9s.<br>Abra os olhos. Leve consigo a certeza:<br>o destino n\u00e3o \u00e9 um peso \u2014 \u00e9 uma sustenta\u00e7\u00e3o.<\/p>\n\n\n<div class=\"wp-block-image\">\n<figure class=\"aligncenter size-large\"><a href=\"https:\/\/luzemhisterio.com\/blog\/wp-content\/uploads\/2026\/01\/tet.png\"><img loading=\"lazy\" decoding=\"async\" width=\"683\" height=\"1024\" src=\"https:\/\/luzemhisterio.com\/blog\/wp-content\/uploads\/2026\/01\/tet-683x1024.png\" alt=\"\" class=\"wp-image-3541\" srcset=\"https:\/\/luzemhisterio.com\/blog\/wp-content\/uploads\/2026\/01\/tet-683x1024.png 683w, https:\/\/luzemhisterio.com\/blog\/wp-content\/uploads\/2026\/01\/tet-200x300.png 200w, https:\/\/luzemhisterio.com\/blog\/wp-content\/uploads\/2026\/01\/tet-768x1152.png 768w, https:\/\/luzemhisterio.com\/blog\/wp-content\/uploads\/2026\/01\/tet-600x900.png 600w, https:\/\/luzemhisterio.com\/blog\/wp-content\/uploads\/2026\/01\/tet-945x1418.png 945w, https:\/\/luzemhisterio.com\/blog\/wp-content\/uploads\/2026\/01\/tet.png 1024w\" sizes=\"auto, (max-width: 683px) 100vw, 683px\" \/><\/a><\/figure>\n<\/div>\n\n\n<p class=\"has-text-align-center\"><strong>No dia 25 de janeiro, o cora\u00e7\u00e3o do Vietn\u00e3 pulsa no ritmo da Lua com a celebra\u00e7\u00e3o do Festival Lunar de T\u1ebft, o Ano-Novo vietnamita \u2014 a passagem mais sagrada do calend\u00e1rio tradicional.<\/strong><\/p>\n\n\n\n<p>O T\u1ebft n\u00e3o \u00e9 apenas a troca de um ano por outro. \u00c9 um rito de renascimento. Um portal lunar onde o tempo antigo se despede, levando consigo dores, conflitos e excessos, para que a vida possa recome\u00e7ar mais leve, mais limpa, mais consciente.<br>Guiado pela Lua Nova, o T\u1ebft honra o princ\u00edpio do retorno \u00e0 ess\u00eancia. As casas s\u00e3o cuidadosamente limpas, n\u00e3o s\u00f3 para retirar o p\u00f3 vis\u00edvel, mas para dissolver energias estagnadas. Altares ancestrais s\u00e3o enfeitados com flores, frutas e incensos, pois neste dia o v\u00e9u entre os vivos e seus antepassados se torna delicado e amoroso. Os ancestrais s\u00e3o convidados a voltar, aben\u00e7oar, orientar, proteger.<br>\u00c9 um festival profundamente familiar e espiritual. As gera\u00e7\u00f5es se reencontram, os mais jovens reverenciam os mais velhos, e desejos de prosperidade, sa\u00fade e harmonia s\u00e3o trocados como sementes lan\u00e7adas ao futuro. As cores vermelha e dourada \u2014 s\u00edmbolos de vitalidade, sorte e abund\u00e2ncia \u2014 iluminam ruas, roupas e cora\u00e7\u00f5es.<br>No plano simb\u00f3lico, o T\u1ebft Lunar fala de reconcilia\u00e7\u00e3o com o pr\u00f3prio destino. D\u00edvidas emocionais s\u00e3o perdoadas, palavras duras s\u00e3o silenciadas, e a inten\u00e7\u00e3o \u00e9 come\u00e7ar o novo ciclo com o esp\u00edrito limpo, alinhado com o fluxo natural da vida. A Lua, senhora dos ritmos internos, recorda que todo verdadeiro ano novo come\u00e7a dentro.<br>Celebrar o Festival Lunar de T\u1ebft \u00e9 reconhecer que a vida \u00e9 feita de ciclos \u2014 e que cada recome\u00e7o \u00e9 um convite sagrado para viver com mais presen\u00e7a, gratid\u00e3o e consci\u00eancia. Sob a Lua que renasce, o Vietn\u00e3 nos ensina: honrar o passado, viver o presente e semear o futuro com delicadeza.<\/p>\n\n\n\n<p>Vivencie os momentos do dia.<br>Namast\u00ea!<\/p>\n","protected":false},"excerpt":{"rendered":"<p>No dia 25 de janeiro, vamos lembrar do essencial: a vida \u00e9 c\u00edclica, protegida e tecida por for\u00e7as maiores.<\/p>\n","protected":false},"author":2,"featured_media":3539,"comment_status":"closed","ping_status":"open","sticky":false,"template":"","format":"standard","meta":{"footnotes":""},"categories":[693],"tags":[764,765,766,768,767],"class_list":["post-3537","post","type-post","status-publish","format-standard","has-post-thumbnail","hentry","category-dia-a-dia","tag-25-de-janeiro","tag-celebre-disir","tag-festival-lunar-tet","tag-mantra-e-afirmacoes","tag-meditacao-ritual"],"_links":{"self":[{"href":"https:\/\/luzemhisterio.com\/blog\/wp-json\/wp\/v2\/posts\/3537","targetHints":{"allow":["GET"]}}],"collection":[{"href":"https:\/\/luzemhisterio.com\/blog\/wp-json\/wp\/v2\/posts"}],"about":[{"href":"https:\/\/luzemhisterio.com\/blog\/wp-json\/wp\/v2\/types\/post"}],"author":[{"embeddable":true,"href":"https:\/\/luzemhisterio.com\/blog\/wp-json\/wp\/v2\/users\/2"}],"replies":[{"embeddable":true,"href":"https:\/\/luzemhisterio.com\/blog\/wp-json\/wp\/v2\/comments?post=3537"}],"version-history":[{"count":1,"href":"https:\/\/luzemhisterio.com\/blog\/wp-json\/wp\/v2\/posts\/3537\/revisions"}],"predecessor-version":[{"id":3542,"href":"https:\/\/luzemhisterio.com\/blog\/wp-json\/wp\/v2\/posts\/3537\/revisions\/3542"}],"wp:featuredmedia":[{"embeddable":true,"href":"https:\/\/luzemhisterio.com\/blog\/wp-json\/wp\/v2\/media\/3539"}],"wp:attachment":[{"href":"https:\/\/luzemhisterio.com\/blog\/wp-json\/wp\/v2\/media?parent=3537"}],"wp:term":[{"taxonomy":"category","embeddable":true,"href":"https:\/\/luzemhisterio.com\/blog\/wp-json\/wp\/v2\/categories?post=3537"},{"taxonomy":"post_tag","embeddable":true,"href":"https:\/\/luzemhisterio.com\/blog\/wp-json\/wp\/v2\/tags?post=3537"}],"curies":[{"name":"wp","href":"https:\/\/api.w.org\/{rel}","templated":true}]}}