{"id":3998,"date":"2026-09-01T18:37:48","date_gmt":"2026-09-01T18:37:48","guid":{"rendered":"https:\/\/luzemhisterio.com\/blog\/?p=3998"},"modified":"2026-09-01T18:37:48","modified_gmt":"2026-09-01T18:37:48","slug":"orientacao-profissional-setembro","status":"publish","type":"post","link":"https:\/\/luzemhisterio.com\/blog\/questao-de-ser\/orientacao-vocacional\/orientacao-profissional-setembro\/","title":{"rendered":"Orienta\u00e7\u00e3o Profissional &#8211; Setembro"},"content":{"rendered":"<div class=\"wp-block-image\">\n<figure class=\"aligncenter size-large\"><a href=\"https:\/\/luzemhisterio.com\/blog\/wp-content\/uploads\/2026\/08\/orientacao-profissional.png\"><img loading=\"lazy\" decoding=\"async\" width=\"682\" height=\"1024\" src=\"https:\/\/luzemhisterio.com\/blog\/wp-content\/uploads\/2026\/08\/orientacao-profissional-682x1024.png\" alt=\"\" class=\"wp-image-3999\" srcset=\"https:\/\/luzemhisterio.com\/blog\/wp-content\/uploads\/2026\/08\/orientacao-profissional-682x1024.png 682w, https:\/\/luzemhisterio.com\/blog\/wp-content\/uploads\/2026\/08\/orientacao-profissional-200x300.png 200w, https:\/\/luzemhisterio.com\/blog\/wp-content\/uploads\/2026\/08\/orientacao-profissional-768x1154.png 768w, https:\/\/luzemhisterio.com\/blog\/wp-content\/uploads\/2026\/08\/orientacao-profissional-600x901.png 600w, https:\/\/luzemhisterio.com\/blog\/wp-content\/uploads\/2026\/08\/orientacao-profissional-945x1420.png 945w, https:\/\/luzemhisterio.com\/blog\/wp-content\/uploads\/2026\/08\/orientacao-profissional.png 1023w\" sizes=\"auto, (max-width: 682px) 100vw, 682px\" \/><\/a><\/figure>\n<\/div>\n\n\n<p>O mundo do trabalho est\u00e1 mudando com rapidez, e a Intelig\u00eancia Artificial j\u00e1 faz parte desse novo cen\u00e1rio. Mais do que uma amea\u00e7a, ela pode ser compreendida como uma ferramenta de expans\u00e3o: organiza informa\u00e7\u00f5es, agiliza tarefas, estimula ideias e abre novas possibilidades de atua\u00e7\u00e3o.<br>Mas nenhuma tecnologia substitui aquilo que \u00e9 profundamente humano: sensibilidade, \u00e9tica, criatividade, experi\u00eancia, escuta, julgamento e capacidade de estabelecer v\u00ednculos.<br>O desafio profissional de agora \u00e9 aprender a integrar essas duas for\u00e7as.<br>Assim como a Primavera transforma a paisagem sem apagar suas ra\u00edzes, tamb\u00e9m somos convidados a renascer dentro de nossa profiss\u00e3o. Isso significa rever m\u00e9todos, atualizar conhecimentos, experimentar novos recursos e abandonar a ideia de que aquilo que funcionou durante muitos anos necessariamente continuar\u00e1 sendo suficiente.<br>A internet tamb\u00e9m floresceu. Tornou-se espa\u00e7o de trabalho, aprendizagem, comunica\u00e7\u00e3o, divulga\u00e7\u00e3o e encontro. Quem aprende a utiliz\u00e1-la de maneira consciente amplia horizontes e pode descobrir formas inteiramente novas de exercer aquilo que j\u00e1 sabe fazer bem.<br>N\u00e3o precisamos abandonar nossa hist\u00f3ria profissional para acompanhar o futuro.<br>Precisamos permitir que ela ganhe novas p\u00e9talas.<br>A IA pode cuidar de parte do processo; o profissional continua respons\u00e1vel pelo sentido, pelas escolhas e pela qualidade daquilo que entrega ao mundo.<br>Talvez a pergunta deste tempo n\u00e3o seja: \u201cA tecnologia vai ocupar o meu lugar?\u201d<br>Mas: \u201cComo posso utilizar as novas ferramentas para ocupar meu lugar de maneira ainda mais criativa, competente e humana?\u201d<br>Florescer profissionalmente tamb\u00e9m \u00e9 isso: conservar as ra\u00edzes, renovar os caminhos e ter coragem para aprender novamente.<\/p>\n\n\n\n<p>Bom trabalho<\/p>\n\n\n\n<p>Luze Mhisterio<\/p>\n","protected":false},"excerpt":{"rendered":"<p>O mundo do trabalho est\u00e1 mudando com rapidez, e a Intelig\u00eancia Artificial j\u00e1 faz parte desse novo cen\u00e1rio. <\/p>\n","protected":false},"author":2,"featured_media":3999,"comment_status":"closed","ping_status":"open","sticky":false,"template":"","format":"standard","meta":{"footnotes":""},"categories":[700],"tags":[975,977,976,55],"class_list":["post-3998","post","type-post","status-publish","format-standard","has-post-thumbnail","hentry","category-orientacao-vocacional","tag-a-i","tag-internet","tag-orientacaoprofissional","tag-primavera"],"_links":{"self":[{"href":"https:\/\/luzemhisterio.com\/blog\/wp-json\/wp\/v2\/posts\/3998","targetHints":{"allow":["GET"]}}],"collection":[{"href":"https:\/\/luzemhisterio.com\/blog\/wp-json\/wp\/v2\/posts"}],"about":[{"href":"https:\/\/luzemhisterio.com\/blog\/wp-json\/wp\/v2\/types\/post"}],"author":[{"embeddable":true,"href":"https:\/\/luzemhisterio.com\/blog\/wp-json\/wp\/v2\/users\/2"}],"replies":[{"embeddable":true,"href":"https:\/\/luzemhisterio.com\/blog\/wp-json\/wp\/v2\/comments?post=3998"}],"version-history":[{"count":1,"href":"https:\/\/luzemhisterio.com\/blog\/wp-json\/wp\/v2\/posts\/3998\/revisions"}],"predecessor-version":[{"id":4000,"href":"https:\/\/luzemhisterio.com\/blog\/wp-json\/wp\/v2\/posts\/3998\/revisions\/4000"}],"wp:featuredmedia":[{"embeddable":true,"href":"https:\/\/luzemhisterio.com\/blog\/wp-json\/wp\/v2\/media\/3999"}],"wp:attachment":[{"href":"https:\/\/luzemhisterio.com\/blog\/wp-json\/wp\/v2\/media?parent=3998"}],"wp:term":[{"taxonomy":"category","embeddable":true,"href":"https:\/\/luzemhisterio.com\/blog\/wp-json\/wp\/v2\/categories?post=3998"},{"taxonomy":"post_tag","embeddable":true,"href":"https:\/\/luzemhisterio.com\/blog\/wp-json\/wp\/v2\/tags?post=3998"}],"curies":[{"name":"wp","href":"https:\/\/api.w.org\/{rel}","templated":true}]}}