{"id":4001,"date":"2026-09-01T18:46:30","date_gmt":"2026-09-01T18:46:30","guid":{"rendered":"https:\/\/luzemhisterio.com\/blog\/?p=4001"},"modified":"2026-09-01T18:46:31","modified_gmt":"2026-09-01T18:46:31","slug":"ervas-de-setembro","status":"publish","type":"post","link":"https:\/\/luzemhisterio.com\/blog\/diario-da-alquimista\/dia-a-dia\/ervas-de-setembro\/","title":{"rendered":"Ervas de Setembro"},"content":{"rendered":"<div class=\"wp-block-image\">\n<figure class=\"aligncenter size-large\"><a href=\"https:\/\/luzemhisterio.com\/blog\/wp-content\/uploads\/2026\/09\/ervas2.png\"><img loading=\"lazy\" decoding=\"async\" width=\"683\" height=\"1024\" src=\"https:\/\/luzemhisterio.com\/blog\/wp-content\/uploads\/2026\/09\/ervas2-683x1024.png\" alt=\"\" class=\"wp-image-4002\" srcset=\"https:\/\/luzemhisterio.com\/blog\/wp-content\/uploads\/2026\/09\/ervas2-683x1024.png 683w, https:\/\/luzemhisterio.com\/blog\/wp-content\/uploads\/2026\/09\/ervas2-200x300.png 200w, https:\/\/luzemhisterio.com\/blog\/wp-content\/uploads\/2026\/09\/ervas2-768x1152.png 768w, https:\/\/luzemhisterio.com\/blog\/wp-content\/uploads\/2026\/09\/ervas2-600x900.png 600w, https:\/\/luzemhisterio.com\/blog\/wp-content\/uploads\/2026\/09\/ervas2-945x1418.png 945w, https:\/\/luzemhisterio.com\/blog\/wp-content\/uploads\/2026\/09\/ervas2.png 1024w\" sizes=\"auto, (max-width: 683px) 100vw, 683px\" \/><\/a><\/figure>\n<\/div>\n\n\n<p>ERVAS DE SETEMBRO \u2014 A FARM\u00c1CIA VERDE DA PRIMAVERA<\/p>\n\n\n\n<p>Setembro chega trazendo a passagem do inverno para a primavera. A terra come\u00e7a a despertar, os aromas retornam aos jardins e algumas ervas parecem conversar especialmente com este per\u00edodo de renova\u00e7\u00e3o, movimento e florescimento.<br>\u00c9 um belo m\u00eas para redescobrir as plantas que atravessaram gera\u00e7\u00f5es acompanhando nossas casas, cozinhas e pequenos rituais cotidianos.<\/p>\n\n\n\n<p>\ud83c\udf3f ALECRIM \u2014 Clareza e vitalidade<\/p>\n\n\n\n<p>Arom\u00e1tico e solar, o alecrim \u00e9 tradicionalmente associado \u00e0 mem\u00f3ria, disposi\u00e7\u00e3o e concentra\u00e7\u00e3o. Seu perfume intenso parece acordar aquilo que estava adormecido.<\/p>\n\n\n\n<p>No simbolismo das ervas, representa prote\u00e7\u00e3o, lucidez e for\u00e7a para recome\u00e7ar.<\/p>\n\n\n\n<p>Palavra da erva: Despertar.<\/p>\n\n\n\n<p>\ud83c\udf3c CAMOMILA \u2014 A delicadeza que acalma<\/p>\n\n\n\n<p>Pequena na apar\u00eancia e imensa em sua hist\u00f3ria, a camomila \u00e9 tradicionalmente utilizada por suas propriedades calmantes e digestivas. \u00c9 uma das grandes companheiras dos momentos em que precisamos desacelerar.<\/p>\n\n\n\n<p>Energeticamente, lembra que nem toda transforma\u00e7\u00e3o precisa acontecer pela for\u00e7a.<\/p>\n\n\n\n<p>Palavra da erva: Serenidade.<\/p>\n\n\n\n<p>\ud83c\udf3f HORTEL\u00c3 \u2014 O sopro da renova\u00e7\u00e3o<\/p>\n\n\n\n<p>Refrescante, viva e expansiva, a hortel\u00e3 \u00e9 tradicionalmente empregada para auxiliar a digest\u00e3o e proporcionar sensa\u00e7\u00e3o de frescor.<\/p>\n\n\n\n<p>No campo simb\u00f3lico, \u00e9 uma erva de movimento e renova\u00e7\u00e3o. Setembro pede justamente isso: abrir as janelas interiores e permitir que novos ventos circulem.<\/p>\n\n\n\n<p>Palavra da erva: Renova\u00e7\u00e3o.<\/p>\n\n\n\n<p>\ud83d\udc9c LAVANDA \u2014 Paz e equil\u00edbrio<\/p>\n\n\n\n<p>Seu perfume parece transformar o ambiente. A lavanda \u00e9 muito utilizada na aromaterapia por sua associa\u00e7\u00e3o ao relaxamento e ao bem-estar.<\/p>\n\n\n\n<p>Simbolicamente, representa harmonia, limpeza e tranquilidade emocional.<\/p>\n\n\n\n<p>Talvez seja a erva perfeita para lembrar que florescer n\u00e3o significa viver apressadamente.<\/p>\n\n\n\n<p>Palavra da erva: Harmonia.<\/p>\n\n\n\n<p>\ud83c\udf3f ERVA-CIDREIRA \u2014 A pausa necess\u00e1ria<\/p>\n\n\n\n<p>Tradicionalmente apreciada em infus\u00f5es, a erva-cidreira est\u00e1 associada ao relaxamento e ao conforto digestivo.<\/p>\n\n\n\n<p>\u00c9 uma planta que nos ensina algo precioso: descansar tamb\u00e9m faz parte do crescimento.<\/p>\n\n\n\n<p>Palavra da erva: Acolhimento.<\/p>\n\n\n\n<p>\ud83c\udf3a HIBISCO \u2014 Beleza em movimento<\/p>\n\n\n\n<p>Com sua cor intensa, o hibisco carrega uma energia muito diferente das ervas mais suaves. Sua infus\u00e3o \u00e9 rica em compostos antioxidantes e tornou-se bastante conhecida nos \u00faltimos anos.<\/p>\n\n\n\n<p>Em nossa leitura simb\u00f3lica de setembro, ele representa vitalidade, beleza e transforma\u00e7\u00e3o.<\/p>\n\n\n\n<p>Palavra da erva: Florescimento.<\/p>\n\n\n\n<p>\ud83c\udf3f S\u00c1LVIA \u2014 A erva da sabedoria<\/p>\n\n\n\n<p>Seu pr\u00f3prio nome guarda uma longa rela\u00e7\u00e3o hist\u00f3rica com o cuidado e a tradi\u00e7\u00e3o herbal. A s\u00e1lvia possui compostos arom\u00e1ticos e \u00e9 tradicionalmente utilizada para diferentes finalidades, inclusive digestivas.<\/p>\n\n\n\n<p>No universo simb\u00f3lico, tornou-se uma das plantas mais associadas \u00e0 purifica\u00e7\u00e3o, prote\u00e7\u00e3o e sabedoria.<\/p>\n\n\n\n<p>Palavra da erva: Sabedoria.<\/p>\n\n\n\n<p>\ud83c\udf31 MANJERIC\u00c3O \u2014 Prosperidade e movimento<\/p>\n\n\n\n<p>Muito al\u00e9m de tempero, o manjeric\u00e3o \u00e9 uma erva arom\u00e1tica rica em compostos vegetais e profundamente presente nas tradi\u00e7\u00f5es populares.<\/p>\n\n\n\n<p>Simbolicamente, fala de prosperidade, prote\u00e7\u00e3o e abertura de caminhos.<\/p>\n\n\n\n<p>\u00c9 como se dissesse:<\/p>\n\n\n\n<p>\u201cCuide daquilo que deseja ver crescer.\u201d<\/p>\n\n\n\n<p>Palavra da erva: Prosperidade.<\/p>\n\n\n\n<p>Alecrim desperta.<br>Camomila acalma.<br>Hortel\u00e3 renova.<br>Lavanda harmoniza.<br>Erva-cidreira acolhe.<br>Hibisco floresce.<br>S\u00e1lvia purifica.<br>Manjeric\u00e3o abre caminhos.<\/p>\n\n\n\n<p>E juntas elas contam a hist\u00f3ria de setembro:<\/p>\n\n\n\n<p>primeiro limpamos a terra, depois escolhemos as sementes e, finalmente, permitimos que a vida flores\u00e7a novamente.<\/p>\n\n\n\n<p>Que neste m\u00eas voc\u00ea tamb\u00e9m possa perguntar: O que desejo cultivar? O que j\u00e1 pode ser podado? E qual parte de mim est\u00e1 pronta para voltar a florescer?<\/p>\n\n\n\n<p>Setembro nos lembra que somos um pouco jardim: aquilo que cuidamos por dentro, cedo ou tarde, encontra uma maneira de florescer por fora.<\/p>\n\n\n\n<p>\u26a0\ufe0f Importante: \u201cnatural\u201d n\u00e3o significa isento de riscos. Plantas medicinais podem ter contraindica\u00e7\u00f5es e interagir com medicamentos. Gestantes, lactantes, crian\u00e7as e pessoas em tratamento de sa\u00fade devem buscar orienta\u00e7\u00e3o profissional antes do uso medicinal.<\/p>\n\n\n<div class=\"wp-block-image\">\n<figure class=\"aligncenter size-large\"><a href=\"https:\/\/luzemhisterio.com\/blog\/wp-content\/uploads\/2026\/09\/ervassetembro.png\"><img loading=\"lazy\" decoding=\"async\" width=\"683\" height=\"1024\" src=\"https:\/\/luzemhisterio.com\/blog\/wp-content\/uploads\/2026\/09\/ervassetembro-683x1024.png\" alt=\"\" class=\"wp-image-4003\" srcset=\"https:\/\/luzemhisterio.com\/blog\/wp-content\/uploads\/2026\/09\/ervassetembro-683x1024.png 683w, https:\/\/luzemhisterio.com\/blog\/wp-content\/uploads\/2026\/09\/ervassetembro-200x300.png 200w, https:\/\/luzemhisterio.com\/blog\/wp-content\/uploads\/2026\/09\/ervassetembro-768x1152.png 768w, https:\/\/luzemhisterio.com\/blog\/wp-content\/uploads\/2026\/09\/ervassetembro-600x900.png 600w, https:\/\/luzemhisterio.com\/blog\/wp-content\/uploads\/2026\/09\/ervassetembro-945x1418.png 945w, https:\/\/luzemhisterio.com\/blog\/wp-content\/uploads\/2026\/09\/ervassetembro.png 1024w\" sizes=\"auto, (max-width: 683px) 100vw, 683px\" \/><\/a><\/figure>\n<\/div>","protected":false},"excerpt":{"rendered":"<p>Setembro \u00e9 um belo m\u00eas para redescobrir as plantas que atravessaram gera\u00e7\u00f5es acompanhando nossas casas, cozinhas e pequenos rituais cotidianos.<\/p>\n","protected":false},"author":2,"featured_media":4002,"comment_status":"closed","ping_status":"open","sticky":false,"template":"","format":"standard","meta":{"footnotes":""},"categories":[693,978],"tags":[980,981,983,979,984,311,982,986,985],"class_list":["post-4001","post","type-post","status-publish","format-standard","has-post-thumbnail","hentry","category-dia-a-dia","category-ervas","tag-alecrim","tag-camomila","tag-ervadoce","tag-ervasmedicinais","tag-hibisco","tag-hortela","tag-lavanda","tag-manjericao","tag-salvia-2"],"_links":{"self":[{"href":"https:\/\/luzemhisterio.com\/blog\/wp-json\/wp\/v2\/posts\/4001","targetHints":{"allow":["GET"]}}],"collection":[{"href":"https:\/\/luzemhisterio.com\/blog\/wp-json\/wp\/v2\/posts"}],"about":[{"href":"https:\/\/luzemhisterio.com\/blog\/wp-json\/wp\/v2\/types\/post"}],"author":[{"embeddable":true,"href":"https:\/\/luzemhisterio.com\/blog\/wp-json\/wp\/v2\/users\/2"}],"replies":[{"embeddable":true,"href":"https:\/\/luzemhisterio.com\/blog\/wp-json\/wp\/v2\/comments?post=4001"}],"version-history":[{"count":1,"href":"https:\/\/luzemhisterio.com\/blog\/wp-json\/wp\/v2\/posts\/4001\/revisions"}],"predecessor-version":[{"id":4004,"href":"https:\/\/luzemhisterio.com\/blog\/wp-json\/wp\/v2\/posts\/4001\/revisions\/4004"}],"wp:featuredmedia":[{"embeddable":true,"href":"https:\/\/luzemhisterio.com\/blog\/wp-json\/wp\/v2\/media\/4002"}],"wp:attachment":[{"href":"https:\/\/luzemhisterio.com\/blog\/wp-json\/wp\/v2\/media?parent=4001"}],"wp:term":[{"taxonomy":"category","embeddable":true,"href":"https:\/\/luzemhisterio.com\/blog\/wp-json\/wp\/v2\/categories?post=4001"},{"taxonomy":"post_tag","embeddable":true,"href":"https:\/\/luzemhisterio.com\/blog\/wp-json\/wp\/v2\/tags?post=4001"}],"curies":[{"name":"wp","href":"https:\/\/api.w.org\/{rel}","templated":true}]}}