{"id":563,"date":"2024-02-28T23:21:45","date_gmt":"2024-02-28T23:21:45","guid":{"rendered":"http:\/\/luzemhisterio.com.br\/blog\/?p=563"},"modified":"2025-09-03T13:08:25","modified_gmt":"2025-09-03T13:08:25","slug":"fadas-azuis-normandia","status":"publish","type":"post","link":"https:\/\/luzemhisterio.com\/blog\/diario-da-alquimista\/fadas-azuis-normandia\/","title":{"rendered":"Fadas Azuis &#8211; Normandia"},"content":{"rendered":"<div class=\"wp-block-image\">\n<figure class=\"aligncenter size-full\"><a href=\"https:\/\/luzemhisterio.com\/blog\/wp-content\/uploads\/2024\/02\/cancer.jpg\"><img loading=\"lazy\" decoding=\"async\" width=\"564\" height=\"940\" src=\"https:\/\/luzemhisterio.com\/blog\/wp-content\/uploads\/2024\/02\/cancer.jpg\" alt=\"\" class=\"wp-image-2413\" srcset=\"https:\/\/luzemhisterio.com\/blog\/wp-content\/uploads\/2024\/02\/cancer.jpg 564w, https:\/\/luzemhisterio.com\/blog\/wp-content\/uploads\/2024\/02\/cancer-180x300.jpg 180w\" sizes=\"auto, (max-width: 564px) 100vw, 564px\" \/><\/a><figcaption>As Fadas Azuis da Normandia<br>Mensageiras da Brisa Mar\u00edtima e da Magia Ancestral<\/figcaption><\/figure>\n<\/div>\n\n\n<p><strong>&#8220;Escute o sussurro do vento e o canto das ondas, e voc\u00ea poder\u00e1 sentir a presen\u00e7a das Fadas Azuis da Normandia. Permita que a magia do mar e da natureza te guiem em sua jornada, e que a sabedoria ancestral te inspire a encontrar a beleza em cada momento da vida.&#8221;<\/strong><\/p>\n\n\n\n<p>As Fadas Azuis da Normandia, tamb\u00e9m conhecidas como &#8220;F\u00e9es Bleues&#8221; ou &#8220;Korrigans&#8221;, s\u00e3o criaturas lend\u00e1rias que habitam a regi\u00e3o da Normandia, na Fran\u00e7a. S\u00e3o seres m\u00e1gicos e encantadores, com uma forte liga\u00e7\u00e3o ao mar, \u00e0 natureza e \u00e0 cultura celta.Seus nomes s\u00e3o:<br>Azura: A fada l\u00edder, guardi\u00e3 da sabedoria ancestral e da magia das \u00e1guas.<br>Marina: Uma fada jovem e alegre, que adora brincar nas ondas e cantar can\u00e7\u00f5es marinheiras.<br>Fleur: Uma fada doce e gentil, que cuida das flores e dos animais da floresta.<br>\u00c9toile: Uma fada misteriosa e vision\u00e1ria, que observa as estrelas e prediz o futuro.<br>Elas se manifestam com uma estatura pequena, entre 1,20 e 1,40 metros.Seus corpos s\u00e3o delgados e \u00e1gieis, como o vento que sopra entre as \u00e1rvores.Sua pele clara e transl\u00facida, com um brilho azulado refletem a cor do mar.Com cabelos longos e ondulados, em tons de azul, verde ou lil\u00e1s s\u00e3o como as algas marinhas e as flores da floresta.Quando olham para voc\u00ea seus olhos s\u00e3o grandes e expressivos, em tons de azul, verde ou violeta, como as profundezas do oceano e os mist\u00e9rios da noite.Usam roupas leves e fluidas, feitas de materiais naturais como seda ou chiffon, em tons de azul, verde e branco.Se adornam com conchas, p\u00e9rolas e pedras preciosas azuis, s\u00edmbolos da sua liga\u00e7\u00e3o ao mar e \u00e0 magia.<br>Vivem em grutas escondidas \u00e0 beira-mar, adornadas com conchas e cristais.<br>Gostam de dan\u00e7ar sob a luz da lua ao som das ondas do mar.Cantar can\u00e7\u00f5es marinheiras e contar hist\u00f3rias sobre o passado.Cozinham pratos deliciosos com frutos do mar e ervas frescas.<br>Invoca\u00e7\u00e3o:&#8221;Fadas Azuis da Normandia, mensageiras da brisa mar\u00edtima e da magia ancestral, tragam-me a paz e a serenidade do oceano. Que meu cora\u00e7\u00e3o se abra para a beleza da natureza e para a sabedoria dos tempos antigos. Que eu possa aprender com voc\u00eas a amar e cuidar do planeta, e a utilizar a magia para o bem de todos os seres. Que a luz da lua guie meus passos e me inspire a encontrar a felicidade em cada dia.&#8221;<\/p>\n\n\n\n<p>Ritual:Objetivo: Conectar-se com a energia das Fadas Azuis da Normandia para cultivar a paz interior, a conex\u00e3o com a natureza e a sabedoria ancestral.<\/p>\n\n\n\n<p>Materiais:Concha do mar (simboliza a liga\u00e7\u00e3o com o mar);P\u00e9rola (simboliza a pureza e a beleza);<br>Cristal de \u00e1gua-marinha (simboliza a paz e a tranquilidade);X\u00edcara de ch\u00e1 de camomila (simboliza o relaxamento e a conex\u00e3o).<br>Procedimento:Em uma noite de lua cheia, localize um local tranquilo \u00e0 beira-mar.<br>Sente-se na areia e acenda uma vela branca.Segure a concha do mar em suas m\u00e3os e visualize as Fadas Azuis da Normandia se aproximando em um raio de luz azul.Recite a frase de invoca\u00e7\u00e3o com convic\u00e7\u00e3o e sentimento.Beba o ch\u00e1 de camomila enquanto medita sobre a paz e a serenidade do oceano.Coloque o cristal de \u00e1gua-marinha em seu cora\u00e7\u00e3o e visualize a energia das Fadas Azuis te envolvendo.<\/p>\n\n\n\n<p>Lembre-se, uma das principais diferen\u00e7as que existem entre o pensamento humano e os das fadas, ou de qualquer membro do reino ang\u00e9lico, \u00e9 a de que n\u00f3s vivemos num mundo de formas, enquanto elas vivem num mundo de vida. Nossos pensamentos se ocupam sobretudo com a forma que as coisas t\u00eam, e raramente vamos al\u00e9m disso. Mas as Fadas se interessam principalmente pela energia da vida que flui ao redor e dentro da forma. Por isso tudo que fazer ou oferecer para uma Fada o fa\u00e7a com vibra\u00e7\u00f5es de ternura e amor.Esteja sempre atento aos sinais da M\u00e3e Natureza:Uma folha que cai, um vento que arrepia, uma gota de chuva que aben\u00e7oa.Ou\u00e7a, sinta, veja que esta amorosa M\u00e3e Terra est\u00e1 sempre comunicando-se&nbsp;com voc\u00ea. Aprenda a receber seus presentes e guarde-os com ternura.A maior magia de todas \u00e9 a correta leitura no manifestado \u00e0 sua volta.<\/p>\n\n\n\n<p>Tenha uma linda Semana<br>Monica<\/p>\n\n\n\n<p><\/p>\n","protected":false},"excerpt":{"rendered":"<p>As Fadas Azuis da Normandia<\/p>\n","protected":false},"author":2,"featured_media":2413,"comment_status":"closed","ping_status":"open","sticky":false,"template":"","format":"standard","meta":{"footnotes":""},"categories":[15,686],"tags":[684],"class_list":["post-563","post","type-post","status-publish","format-standard","has-post-thumbnail","hentry","category-diario-da-alquimista","category-rituais-magicos","tag-diario-da-alquimista"],"_links":{"self":[{"href":"https:\/\/luzemhisterio.com\/blog\/wp-json\/wp\/v2\/posts\/563","targetHints":{"allow":["GET"]}}],"collection":[{"href":"https:\/\/luzemhisterio.com\/blog\/wp-json\/wp\/v2\/posts"}],"about":[{"href":"https:\/\/luzemhisterio.com\/blog\/wp-json\/wp\/v2\/types\/post"}],"author":[{"embeddable":true,"href":"https:\/\/luzemhisterio.com\/blog\/wp-json\/wp\/v2\/users\/2"}],"replies":[{"embeddable":true,"href":"https:\/\/luzemhisterio.com\/blog\/wp-json\/wp\/v2\/comments?post=563"}],"version-history":[{"count":3,"href":"https:\/\/luzemhisterio.com\/blog\/wp-json\/wp\/v2\/posts\/563\/revisions"}],"predecessor-version":[{"id":3150,"href":"https:\/\/luzemhisterio.com\/blog\/wp-json\/wp\/v2\/posts\/563\/revisions\/3150"}],"wp:featuredmedia":[{"embeddable":true,"href":"https:\/\/luzemhisterio.com\/blog\/wp-json\/wp\/v2\/media\/2413"}],"wp:attachment":[{"href":"https:\/\/luzemhisterio.com\/blog\/wp-json\/wp\/v2\/media?parent=563"}],"wp:term":[{"taxonomy":"category","embeddable":true,"href":"https:\/\/luzemhisterio.com\/blog\/wp-json\/wp\/v2\/categories?post=563"},{"taxonomy":"post_tag","embeddable":true,"href":"https:\/\/luzemhisterio.com\/blog\/wp-json\/wp\/v2\/tags?post=563"}],"curies":[{"name":"wp","href":"https:\/\/api.w.org\/{rel}","templated":true}]}}