{"id":96,"date":"2026-07-22T18:26:55","date_gmt":"2026-07-22T18:26:55","guid":{"rendered":"http:\/\/luzemhisterio.com.br\/blog\/?p=96"},"modified":"2026-07-22T18:26:55","modified_gmt":"2026-07-22T18:26:55","slug":"arcanjo-michael","status":"publish","type":"post","link":"https:\/\/luzemhisterio.com\/blog\/ritos-e-deuses\/arcanjo-michael\/","title":{"rendered":"Arcanjo Miguel \u2014 O Guardi\u00e3o da Luz"},"content":{"rendered":"<div class=\"wp-block-image\">\n<figure class=\"aligncenter size-large\"><a href=\"https:\/\/luzemhisterio.com\/blog\/wp-content\/uploads\/2009\/09\/arcanjo-miguel.png\"><img loading=\"lazy\" decoding=\"async\" width=\"683\" height=\"1024\" src=\"https:\/\/luzemhisterio.com\/blog\/wp-content\/uploads\/2009\/09\/arcanjo-miguel-683x1024.png\" alt=\"\" class=\"wp-image-3886\" srcset=\"https:\/\/luzemhisterio.com\/blog\/wp-content\/uploads\/2009\/09\/arcanjo-miguel-683x1024.png 683w, https:\/\/luzemhisterio.com\/blog\/wp-content\/uploads\/2009\/09\/arcanjo-miguel-200x300.png 200w, https:\/\/luzemhisterio.com\/blog\/wp-content\/uploads\/2009\/09\/arcanjo-miguel-768x1152.png 768w, https:\/\/luzemhisterio.com\/blog\/wp-content\/uploads\/2009\/09\/arcanjo-miguel-600x900.png 600w, https:\/\/luzemhisterio.com\/blog\/wp-content\/uploads\/2009\/09\/arcanjo-miguel-945x1418.png 945w, https:\/\/luzemhisterio.com\/blog\/wp-content\/uploads\/2009\/09\/arcanjo-miguel.png 1024w\" sizes=\"auto, (max-width: 683px) 100vw, 683px\" \/><\/a><\/figure>\n<\/div>\n\n\n<p>Arcanjo Miguel \u2014 O Guardi\u00e3o da Luz<\/p>\n\n\n\n<p>Entre as grandes presen\u00e7as espirituais conhecidas pela humanidade, o Arcanjo Miguel ocupa um lugar de for\u00e7a, coragem e prote\u00e7\u00e3o.<br>Nas tradi\u00e7\u00f5es judaica, crist\u00e3 e isl\u00e2mica, sua presen\u00e7a est\u00e1 associada \u00e0 defesa do bem, ao amparo espiritual e \u00e0 luta contra aquilo que produz medo, opress\u00e3o e afastamento da luz.<br>Arcanjo Miguel \u00e9 frequentemente apresentado como um guerreiro celestial. Sua imagem traz asas grandiosas, uma armadura luminosa e uma espada erguida.<br>Entretanto, sua batalha n\u00e3o precisa ser compreendida somente como um confronto exterior.<br>A espada de Miguel tamb\u00e9m representa o discernimento.<br>\u00c9 a luz que corta as ilus\u00f5es, separa a verdade do engano e nos ajuda a romper com pensamentos, v\u00ednculos e padr\u00f5es que j\u00e1 n\u00e3o contribuem para o nosso crescimento.<br>Sua armadura simboliza a prote\u00e7\u00e3o da consci\u00eancia.<br>Ela nos recorda que precisamos fortalecer o esp\u00edrito para n\u00e3o sermos conduzidos pelo medo, pela inseguran\u00e7a ou pela influ\u00eancia destrutiva de outras pessoas.<br>Seu escudo representa a f\u00e9.<br>N\u00e3o a f\u00e9 que nos afasta da realidade, mas aquela que nos oferece coragem para atravess\u00e1-la.<br>Na espiritualidade contempor\u00e2nea, Miguel \u00e9 frequentemente associado \u00e0 luz azul.<br>O azul \u00e9 a cor da prote\u00e7\u00e3o, da firmeza, da verdade e da serenidade. Ao visualizarmos essa luz ao nosso redor, criamos um momento de concentra\u00e7\u00e3o e recolhimento, no qual podemos recordar nossa pr\u00f3pria capacidade de estabelecer limites e proteger aquilo que consideramos sagrado.<br>Invocar Arcanjo Miguel n\u00e3o significa entregar-lhe todas as nossas responsabilidades.<br>Significa pedir for\u00e7a para agir. &#8211; Coragem para dizer n\u00e3o. &#8211; Clareza para escolher. &#8211; Firmeza para permanecer ao lado daquilo que \u00e9 verdadeiro.<\/p>\n\n\n\n<p>Miguel nos ensina que coragem n\u00e3o \u00e9 aus\u00eancia de medo.<br>Coragem \u00e9 a decis\u00e3o de n\u00e3o permitir que o medo se torne senhor de nossos caminhos.<br>H\u00e1 momentos em que precisamos de coragem para seguir adiante. Em outros, precisamos de coragem para parar, mudar de dire\u00e7\u00e3o ou reconhecer que algo chegou ao fim.<\/p>\n\n\n\n<p>Sua presen\u00e7a nos convida a perguntar:<\/p>\n\n\n\n<p>O que precisa ser protegido em minha vida?<\/p>\n\n\n\n<p>O que precisa ser encerrado?<\/p>\n\n\n\n<p>Qual verdade estou evitando reconhecer?<\/p>\n\n\n\n<p>Que decis\u00e3o poder\u00e1 devolver for\u00e7a \u00e0 minha alma?<\/p>\n\n\n\n<p>Quando buscamos essas respostas com sinceridade, a espada simb\u00f3lica de Miguel come\u00e7a a atuar dentro de n\u00f3s.<\/p>\n\n\n\n<p>A verdadeira prote\u00e7\u00e3o n\u00e3o constr\u00f3i muralhas de medo.<br>Ela cria consci\u00eancia.<br>Prote\u00e7\u00e3o espiritual tamb\u00e9m significa cuidar dos pensamentos, das palavras, das escolhas e dos ambientes que frequentamos.<br>Significa aprender a reconhecer aquilo que nos enfraquece e cultivar aquilo que nos devolve presen\u00e7a.<br>Arcanjo Miguel nos lembra que nenhum aux\u00edlio espiritual substitui o nosso livre-arb\u00edtrio. A luz pode iluminar o caminho, mas somos n\u00f3s que precisamos dar os passos.<\/p>\n\n\n\n<p>Escolha um lugar tranquilo e respire profundamente algumas vezes.<br>Imagine uma luz azul descendo suavemente sobre sua cabe\u00e7a e envolvendo todo o seu corpo.<br>Visualize essa luz formando ao seu redor um campo de serenidade, for\u00e7a e prote\u00e7\u00e3o.<br>Depois, coloque uma das m\u00e3os sobre o cora\u00e7\u00e3o e diga:<br>\u201cEu escolho caminhar com coragem.<br>Eu reconhe\u00e7o a verdade que vive em mim.<br>Eu libero aquilo que enfraquece minha luz.<br>Eu protejo minha alma sem fechar meu cora\u00e7\u00e3o.\u201d<br>Permane\u00e7a alguns minutos em sil\u00eancio.<br>Observe como seu corpo se sente e quais pensamentos surgem.<\/p>\n\n\n\n<p>Invoca\u00e7\u00e3o ao Arcanjo Miguel<\/p>\n\n\n\n<p>Amado Arcanjo Miguel,<br>Guardi\u00e3o da Luz e da Verdade,<br>envolva-me em seu manto azul.<\/p>\n\n\n\n<p>Fortale\u00e7a minha coragem<br>diante dos desafios<br>e conceda-me discernimento<br>para reconhecer o caminho correto.<\/p>\n\n\n\n<p>Com sua Espada de Luz,<br>ajude-me a romper com o medo,<br>a d\u00favida e tudo aquilo<br>que j\u00e1 n\u00e3o pertence \u00e0 minha jornada.<\/p>\n\n\n\n<p>Proteja meu lar,<br>as pessoas que amo<br>e todos aqueles que necessitam<br>de amparo e esperan\u00e7a.<\/p>\n\n\n\n<p>Que eu caminhe com firmeza,<br>sem perder a ternura.<\/p>\n\n\n\n<p>Que eu seja forte,<br>sem me tornar r\u00edgido.<\/p>\n\n\n\n<p>Que eu reconhe\u00e7a a verdade,<br>sem abandonar o amor.<\/p>\n\n\n\n<p>Arcanjo Miguel,<br>Pr\u00edncipe da Luz,<br>caminhe ao meu lado<br>e desperte em mim<br>a coragem de ser quem verdadeiramente sou.<\/p>\n\n\n\n<p>Que todos estejamos sob sua prote\u00e7\u00e3o.<\/p>\n\n\n\n<p>Prote\u00e7\u00e3o para todo dia<\/p>\n\n\n\n<p>S\u00e3o Michael \u00e0 acima.<br>S\u00e3o Michael \u00e0 abaixo.<br>S\u00e3o Michael \u00e0 minha direita.<br>S\u00e3o Michael \u00e0 minha esquerda.<br>S\u00e3o Michael \u00e0 frente.<br>S\u00e3o Michael \u00e0 atr\u00e1s.<br>S\u00e3o Michael! S\u00e3o Michael! S\u00e3o Michael!<br>Onde quer que eu v\u00e1.<br>EU SOU, sua Luz!<br>Que proteges aqui!<\/p>\n\n\n\n<p>Quando verbalizar est\u00e1 prece &#8211; mantra &#8211; visualize a espada flamejante azul zelando seus quatro corpos manifestados.<\/p>\n\n\n<div class=\"wp-block-image\">\n<figure class=\"aligncenter size-large\"><a href=\"https:\/\/luzemhisterio.com\/blog\/wp-content\/uploads\/2009\/09\/o-resgate.png\"><img loading=\"lazy\" decoding=\"async\" width=\"683\" height=\"1024\" src=\"https:\/\/luzemhisterio.com\/blog\/wp-content\/uploads\/2009\/09\/o-resgate-683x1024.png\" alt=\"\" class=\"wp-image-3887\" srcset=\"https:\/\/luzemhisterio.com\/blog\/wp-content\/uploads\/2009\/09\/o-resgate-683x1024.png 683w, https:\/\/luzemhisterio.com\/blog\/wp-content\/uploads\/2009\/09\/o-resgate-200x300.png 200w, https:\/\/luzemhisterio.com\/blog\/wp-content\/uploads\/2009\/09\/o-resgate-768x1152.png 768w, https:\/\/luzemhisterio.com\/blog\/wp-content\/uploads\/2009\/09\/o-resgate-600x900.png 600w, https:\/\/luzemhisterio.com\/blog\/wp-content\/uploads\/2009\/09\/o-resgate-945x1418.png 945w, https:\/\/luzemhisterio.com\/blog\/wp-content\/uploads\/2009\/09\/o-resgate.png 1024w\" sizes=\"auto, (max-width: 683px) 100vw, 683px\" \/><\/a><\/figure>\n<\/div>\n\n\n<p>Convido voc\u00ea a se encantar com a beleza de uma passagem inspirada no livro O Resgate, de Marisa Varela.<\/p>\n\n\n\n<p>Este pequeno trecho traduz, de maneira delicada e grandiosa, a qualidade vibracional daquele que \u00e9 chamado de Pr\u00edncipe dos Arcanjos. Ao l\u00ea-lo, reconhe\u00e7o um pouco da for\u00e7a, da prote\u00e7\u00e3o e da f\u00e9 que sinto quando me conecto \u00e0 presen\u00e7a luminosa do Arcanjo Michael.<\/p>\n\n\n\n<p>Na narrativa, uma grande Assembleia j\u00e1 estava em andamento quando Michael foi chamado para se apresentar como testemunha.<\/p>\n\n\n\n<p>Sua apar\u00eancia reunia a delicadeza de um jovem anjo e a majestade de um poderoso guardi\u00e3o. O rosto sereno, os olhos azuis e vivos, os cabelos dourados e o sorriso suave poderiam faz\u00ea-lo parecer uma figura angelical sa\u00edda de uma antiga pintura barroca.<\/p>\n\n\n\n<p>Entretanto, a grandeza de sua Presen\u00e7a n\u00e3o deixava d\u00favidas.<\/p>\n\n\n\n<p>Sua aura irradiava poder, coragem e f\u00e9. As imensas asas revelavam sua natureza celestial. Uma Espada de Luz repousava junto ao corpo, enquanto uma brilhante armadura dourada envolvia aquele que se apresentava diante da Assembleia.<\/p>\n\n\n\n<p>N\u00e3o era apenas um mensageiro dos c\u00e9us.<\/p>\n\n\n\n<p>Era o Pr\u00edncipe.<\/p>\n\n\n\n<p>O Pr\u00edncipe dos Arcanjos.<br>O Guardi\u00e3o da Verdade.<br>O Guerreiro da Luz.<\/p>\n\n\n\n<p>Arcanjo Michael representa a for\u00e7a espiritual que nos auxilia a atravessar os momentos de medo, d\u00favida e fragilidade. Sua espada n\u00e3o simboliza a viol\u00eancia, mas o poder de cortar ilus\u00f5es, romper pris\u00f5es interiores e separar aquilo que \u00e9 verdadeiro daquilo que j\u00e1 n\u00e3o serve ao nosso caminho.<\/p>\n\n\n\n<p>Sua armadura dourada recorda que a verdadeira prote\u00e7\u00e3o come\u00e7a quando fortalecemos a f\u00e9, a consci\u00eancia e a coragem para permanecer ao lado da Luz.<\/p>\n\n\n\n<p>Ao invocarmos sua presen\u00e7a, podemos imaginar uma luminosidade azul envolvendo nosso corpo, nosso lar e todas as pessoas que amamos.<\/p>\n\n\n\n<p>Que essa Luz nos proteja sem nos aprisionar.<\/p>\n\n\n\n<p>Que sua espada corte os la\u00e7os do medo, da inseguran\u00e7a e do des\u00e2nimo.<\/p>\n\n\n\n<p>Que sua coragem desperte a nossa coragem.<\/p>\n\n\n\n<p>Que sua f\u00e9 reacenda a chama da esperan\u00e7a em nossos cora\u00e7\u00f5es.<\/p>\n\n\n\n<p>Invoca\u00e7\u00e3o ao Arcanjo Michael<\/p>\n\n\n\n<p>Amado Arcanjo Michael,<br>Pr\u00edncipe das Mil\u00edcias Celestes,<br>envolva-nos em sua Luz azul.<\/p>\n\n\n\n<p>Proteja nossos caminhos,<br>fortale\u00e7a nossa f\u00e9<br>e conceda-nos coragem<br>para permanecermos fi\u00e9is \u00e0 verdade.<\/p>\n\n\n\n<p>Que sua Espada de Luz<br>afaste as sombras,<br>rompa os medos<br>e abra diante de n\u00f3s<br>um caminho de consci\u00eancia, prote\u00e7\u00e3o e paz.<\/p>\n\n\n\n<p>Estejamos todos sob sua prote\u00e7\u00e3o.<\/p>\n\n\n\n<p>Arcanjo Michael, Pr\u00edncipe da Luz,<br>caminhe conosco.<\/p>\n","protected":false},"excerpt":{"rendered":"<p> Convido voc\u00ea a encantar-se com um pequeno trecho\u00a0do livro de Marisa Varela &#8211; O Resgate &#8211; que acredito\u00a0transmite a qualidade vibracional do &#8220;Pr\u00edncipe dos Arcanjos&#8221;\u00a0e do profundo amor que nutro para com esta Luz.<\/p>\n","protected":false},"author":2,"featured_media":3886,"comment_status":"closed","ping_status":"open","sticky":false,"template":"","format":"standard","meta":{"footnotes":""},"categories":[3],"tags":[41,42,40,914,913],"class_list":["post-96","post","type-post","status-publish","format-standard","has-post-thumbnail","hentry","category-ritos-e-deuses","tag-arcanjo","tag-arcanjo-miguel","tag-deuses","tag-marisa-varela","tag-o-resgate"],"_links":{"self":[{"href":"https:\/\/luzemhisterio.com\/blog\/wp-json\/wp\/v2\/posts\/96","targetHints":{"allow":["GET"]}}],"collection":[{"href":"https:\/\/luzemhisterio.com\/blog\/wp-json\/wp\/v2\/posts"}],"about":[{"href":"https:\/\/luzemhisterio.com\/blog\/wp-json\/wp\/v2\/types\/post"}],"author":[{"embeddable":true,"href":"https:\/\/luzemhisterio.com\/blog\/wp-json\/wp\/v2\/users\/2"}],"replies":[{"embeddable":true,"href":"https:\/\/luzemhisterio.com\/blog\/wp-json\/wp\/v2\/comments?post=96"}],"version-history":[{"count":3,"href":"https:\/\/luzemhisterio.com\/blog\/wp-json\/wp\/v2\/posts\/96\/revisions"}],"predecessor-version":[{"id":3888,"href":"https:\/\/luzemhisterio.com\/blog\/wp-json\/wp\/v2\/posts\/96\/revisions\/3888"}],"wp:featuredmedia":[{"embeddable":true,"href":"https:\/\/luzemhisterio.com\/blog\/wp-json\/wp\/v2\/media\/3886"}],"wp:attachment":[{"href":"https:\/\/luzemhisterio.com\/blog\/wp-json\/wp\/v2\/media?parent=96"}],"wp:term":[{"taxonomy":"category","embeddable":true,"href":"https:\/\/luzemhisterio.com\/blog\/wp-json\/wp\/v2\/categories?post=96"},{"taxonomy":"post_tag","embeddable":true,"href":"https:\/\/luzemhisterio.com\/blog\/wp-json\/wp\/v2\/tags?post=96"}],"curies":[{"name":"wp","href":"https:\/\/api.w.org\/{rel}","templated":true}]}}