{"id":968,"date":"2016-11-18T00:55:37","date_gmt":"2016-11-18T00:55:37","guid":{"rendered":"http:\/\/luzemhisterio.com.br\/blog\/?p=968"},"modified":"2016-11-18T01:31:55","modified_gmt":"2016-11-18T01:31:55","slug":"sabado","status":"publish","type":"post","link":"https:\/\/luzemhisterio.com\/blog\/questao-de-ser\/casos-e-contos\/sabado\/","title":{"rendered":"S\u00e1bado"},"content":{"rendered":"<p style=\"text-align: center;\"><img loading=\"lazy\" decoding=\"async\" class=\"aligncenter size-medium wp-image-969\" src=\"http:\/\/luzemhisterio.com.br\/blog\/wp-content\/uploads\/2016\/11\/sabado-187x300.jpg\" alt=\"sabado\" width=\"187\" height=\"300\" srcset=\"https:\/\/luzemhisterio.com\/blog\/wp-content\/uploads\/2016\/11\/sabado-187x300.jpg 187w, https:\/\/luzemhisterio.com\/blog\/wp-content\/uploads\/2016\/11\/sabado.jpg 561w\" sizes=\"auto, (max-width: 187px) 100vw, 187px\" \/><\/p>\n<p>S\u00e1bado que amanhece violeta.<br \/>\nS\u00e1bado que atravessa as dores da semana.<br \/>\nS\u00e1bado que alivia a tens\u00e3o do existir.<br \/>\nAdoro os sabados, amo-os e os vivo com a intensidade da crian\u00e7a abrindo pacote de presente.<br \/>\nGostaria de estar nesta vibra\u00e7\u00e3o em outros dias&#8230;<br \/>\n&#8211; Ol\u00e1! Senhor Domingo&#8230; Como vai?<br \/>\n&#8211; Muito bem, minha cara senhora. Pronta para iniciar a semana?<br \/>\nEstraga prazeres&#8230;<br \/>\nS\u00e1bado&#8230; A alegria do estar.<br \/>\nDesembrulho do manifestado uma estoria:<br \/>\nEra uma vez um dia que raiou escandalosamente belo, rasgou a madrugada aos gritos e nasceu j\u00e1 caminhando com os ebrios e os poetas, trazia em suas m\u00e3os o caos do perd\u00e3o e as incertezas da reden\u00e7\u00e3o.<br \/>\nAbrasado ao meio dia, mergulhou no mar e rasgou a saia rendada de Yemanj\u00e1, que de proposito, fez-se de ressaca e afogou a nostalgia.<br \/>\nSuplantou o entardecer com a vis\u00e3o de Venus que expiava a Terra cheia de ternura e ent\u00e3o&#8230;<br \/>\nVarou a noite se embriagando de estrelas.<br \/>\nS\u00f3 porque ele era S\u00e1bado.<\/p>\n<p style=\"text-align: center;\"><img loading=\"lazy\" decoding=\"async\" class=\"aligncenter size-medium wp-image-970\" src=\"http:\/\/luzemhisterio.com.br\/blog\/wp-content\/uploads\/2016\/11\/casoscapa-300x137.jpg\" alt=\"casoscapa\" width=\"300\" height=\"137\" srcset=\"https:\/\/luzemhisterio.com\/blog\/wp-content\/uploads\/2016\/11\/casoscapa-300x137.jpg 300w, https:\/\/luzemhisterio.com\/blog\/wp-content\/uploads\/2016\/11\/casoscapa.jpg 350w\" sizes=\"auto, (max-width: 300px) 100vw, 300px\" \/><\/p>\n","protected":false},"excerpt":{"rendered":"<p>S\u00e1bado que amanhece violeta.<br \/>\nS\u00e1bado que atravessa as dores da semana.<br \/>\nS\u00e1bado que alivia a tens\u00e3o do existir.<\/p>\n","protected":false},"author":2,"featured_media":0,"comment_status":"closed","ping_status":"open","sticky":false,"template":"","format":"standard","meta":{"footnotes":""},"categories":[266],"tags":[352,353],"class_list":["post-968","post","type-post","status-publish","format-standard","hentry","category-casos-e-contos","tag-sabado","tag-violeta"],"_links":{"self":[{"href":"https:\/\/luzemhisterio.com\/blog\/wp-json\/wp\/v2\/posts\/968","targetHints":{"allow":["GET"]}}],"collection":[{"href":"https:\/\/luzemhisterio.com\/blog\/wp-json\/wp\/v2\/posts"}],"about":[{"href":"https:\/\/luzemhisterio.com\/blog\/wp-json\/wp\/v2\/types\/post"}],"author":[{"embeddable":true,"href":"https:\/\/luzemhisterio.com\/blog\/wp-json\/wp\/v2\/users\/2"}],"replies":[{"embeddable":true,"href":"https:\/\/luzemhisterio.com\/blog\/wp-json\/wp\/v2\/comments?post=968"}],"version-history":[{"count":1,"href":"https:\/\/luzemhisterio.com\/blog\/wp-json\/wp\/v2\/posts\/968\/revisions"}],"predecessor-version":[{"id":971,"href":"https:\/\/luzemhisterio.com\/blog\/wp-json\/wp\/v2\/posts\/968\/revisions\/971"}],"wp:attachment":[{"href":"https:\/\/luzemhisterio.com\/blog\/wp-json\/wp\/v2\/media?parent=968"}],"wp:term":[{"taxonomy":"category","embeddable":true,"href":"https:\/\/luzemhisterio.com\/blog\/wp-json\/wp\/v2\/categories?post=968"},{"taxonomy":"post_tag","embeddable":true,"href":"https:\/\/luzemhisterio.com\/blog\/wp-json\/wp\/v2\/tags?post=968"}],"curies":[{"name":"wp","href":"https:\/\/api.w.org\/{rel}","templated":true}]}}